{"id":32719,"date":"2012-05-07T00:00:00","date_gmt":"2012-05-06T22:00:00","guid":{"rendered":"https:\/\/enreach.es\/blog\/masvoz-augmenta-la-seva-facturacio-un-43-en-2011\/"},"modified":"2022-06-23T13:49:25","modified_gmt":"2022-06-23T13:49:25","slug":"masvoz-augmenta-la-seva-facturacio-un-43-en-2011","status":"publish","type":"post","link":"https:\/\/enreach.es\/ca\/blog\/masvoz-augmenta-la-seva-facturacio-un-43-en-2011\/","title":{"rendered":"Masvoz augmenta la seva facturaci\u00f3 un 43% en 2011"},"content":{"rendered":"<p>Masvoz, operador de telecomunicacions especialitzat en serveis per a empreses, va tancar l&#8217;exercici 2011 amb un augment del 43% en la seva facturaci\u00f3, sumant aix\u00ed un total de 20,3 milions d&#8217;euros. En tan sols cinc anys, Masvoz ha multiplicat per 7 la seva facturaci\u00f3. Des de l&#8217;any 2006, l&#8217;operadora de telecomunicacions ha incrementat, anualment, tant el volum de facturaci\u00f3 com de minuts operats per les seves diferents xarxes i plataformes. Alfred Nesweda, director general de Masvoz, explica: \u0093Hem posat els nostres esfor\u00e7os en el desenvolupament d&#8217;un complet portfolio de serveis integrats en un \u00fatil i intu\u00eftiu panell de control que aprofita els avantatges del Cloud: reducci\u00f3 de costos; r\u00e0pida engegada i escalabilitat del servei; m\u00e9s gran disponibilitat i acc\u00e9s des de qualsevol equip amb connexi\u00f3 a Internet, i pagament per \u00fas\u0094. Actualment, l&#8217;operadora d\u00f3na servei a m\u00e9s de 900 empreses, entre les quals es troben, segons explica Nesweda, \u0093companyies capdavanteres dins dels sectors de log\u00edstica, banca, assegurances, comer\u00e7 electr\u00f2nic, telecomunicacions, turisme\u0085 tant en l&#8217;\u00e0mbit nacional com en l&#8217;internacional\u0094. Especialitzat en serveis a la xarxa per a empreses, Masvoz \u00e9s un operador de telecomunicacions que centra la seva activitat en els serveis de veu (centraleta virtual, enregistrament de trucades, IVR, enrutament intel\u00b7ligent, reconeixement i s\u00edntesi de veu, multiconfer\u00e8ncia, b\u00fastia de veu virtual, telefonia IP, sistema virtual d&#8217;agents, clic2call, monitoritzaci\u00f3 de trucades en temps real; numeraci\u00f3 (xarxa intel\u00b7ligent, geogr\u00e0fica, m\u00f2bil i internacional); SMS; fax (fax virtual, enviament massiu), i serveis de cobrament TPV.<\/p>\n","protected":false},"excerpt":{"rendered":"<p>L\u0092operadora de telecomunicacions va superar els 20 milions d\u0092euros<\/p>\n","protected":false},"author":1,"featured_media":0,"comment_status":"closed","ping_status":"open","sticky":false,"template":"","format":"standard","meta":{"_acf_changed":false,"content-type":"","footnotes":""},"categories":[8],"tags":[],"class_list":["post-32719","post","type-post","status-publish","format-standard","hentry","category-noticias-sobre-enreach"],"acf":[],"yoast_head":"<!-- This site is optimized with the Yoast SEO plugin v26.7 - https:\/\/yoast.com\/wordpress\/plugins\/seo\/ -->\n<title>Masvoz augmenta la seva facturaci\u00f3 un 43% en 2011 - Enreach ES<\/title>\n<meta name=\"robots\" content=\"index, follow, max-snippet:-1, max-image-preview:large, max-video-preview:-1\" \/>\n<link rel=\"canonical\" href=\"https:\/\/enreach.es\/blog\/masvoz-aumenta-su-facturacion-un-43-en-2011\/\" \/>\n<meta property=\"og:locale\" content=\"ca_ES\" \/>\n<meta property=\"og:type\" content=\"article\" \/>\n<meta property=\"og:title\" content=\"Masvoz augmenta la seva facturaci\u00f3 un 43% en 2011 - Enreach ES\" \/>\n<meta property=\"og:description\" content=\"L\u0092operadora de telecomunicacions va superar els 20 milions d\u0092euros\" \/>\n<meta property=\"og:url\" content=\"https:\/\/enreach.es\/blog\/masvoz-aumenta-su-facturacion-un-43-en-2011\/\" \/>\n<meta property=\"og:site_name\" content=\"Enreach ES\" \/>\n<meta property=\"article:published_time\" content=\"2012-05-06T22:00:00+00:00\" \/>\n<meta property=\"article:modified_time\" content=\"2022-06-23T13:49:25+00:00\" \/>\n<meta name=\"author\" content=\"Enreach\" \/>\n<meta name=\"twitter:card\" content=\"summary_large_image\" \/>\n<meta name=\"twitter:label1\" content=\"Escrit per\" \/>\n\t<meta name=\"twitter:data1\" content=\"Enreach\" \/>\n\t<meta name=\"twitter:label2\" content=\"Temps estimat de lectura\" \/>\n\t<meta name=\"twitter:data2\" content=\"1 minut\" \/>\n<script type=\"application\/ld+json\" class=\"yoast-schema-graph\">{\"@context\":\"https:\/\/schema.org\",\"@graph\":[{\"@type\":\"Article\",\"@id\":\"https:\/\/enreach.es\/blog\/masvoz-aumenta-su-facturacion-un-43-en-2011\/#article\",\"isPartOf\":{\"@id\":\"https:\/\/enreach.es\/blog\/masvoz-aumenta-su-facturacion-un-43-en-2011\/\"},\"author\":{\"name\":\"Enreach\",\"@id\":\"https:\/\/enreach.es\/#\/schema\/person\/28954c3c2fff07efa64b14aae4e755e3\"},\"headline\":\"Masvoz augmenta la seva facturaci\u00f3 un 43% en 2011\",\"datePublished\":\"2012-05-06T22:00:00+00:00\",\"dateModified\":\"2022-06-23T13:49:25+00:00\",\"mainEntityOfPage\":{\"@id\":\"https:\/\/enreach.es\/blog\/masvoz-aumenta-su-facturacion-un-43-en-2011\/\"},\"wordCount\":268,\"articleSection\":[\"Noticias\"],\"inLanguage\":\"ca\"},{\"@type\":\"WebPage\",\"@id\":\"https:\/\/enreach.es\/blog\/masvoz-aumenta-su-facturacion-un-43-en-2011\/\",\"url\":\"https:\/\/enreach.es\/blog\/masvoz-aumenta-su-facturacion-un-43-en-2011\/\",\"name\":\"Masvoz augmenta la seva facturaci\u00f3 un 43% en 2011 - Enreach ES\",\"isPartOf\":{\"@id\":\"https:\/\/enreach.es\/#website\"},\"datePublished\":\"2012-05-06T22:00:00+00:00\",\"dateModified\":\"2022-06-23T13:49:25+00:00\",\"author\":{\"@id\":\"https:\/\/enreach.es\/#\/schema\/person\/28954c3c2fff07efa64b14aae4e755e3\"},\"breadcrumb\":{\"@id\":\"https:\/\/enreach.es\/blog\/masvoz-aumenta-su-facturacion-un-43-en-2011\/#breadcrumb\"},\"inLanguage\":\"ca\",\"potentialAction\":[{\"@type\":\"ReadAction\",\"target\":[\"https:\/\/enreach.es\/blog\/masvoz-aumenta-su-facturacion-un-43-en-2011\/\"]}]},{\"@type\":\"BreadcrumbList\",\"@id\":\"https:\/\/enreach.es\/blog\/masvoz-aumenta-su-facturacion-un-43-en-2011\/#breadcrumb\",\"itemListElement\":[{\"@type\":\"ListItem\",\"position\":1,\"name\":\"Portada\",\"item\":\"https:\/\/enreach.es\/\"},{\"@type\":\"ListItem\",\"position\":2,\"name\":\"Masvoz augmenta la seva facturaci\u00f3 un 43% en 2011\"}]},{\"@type\":\"WebSite\",\"@id\":\"https:\/\/enreach.es\/#website\",\"url\":\"https:\/\/enreach.es\/\",\"name\":\"Enreach ES\",\"description\":\"\",\"potentialAction\":[{\"@type\":\"SearchAction\",\"target\":{\"@type\":\"EntryPoint\",\"urlTemplate\":\"https:\/\/enreach.es\/?s={search_term_string}\"},\"query-input\":{\"@type\":\"PropertyValueSpecification\",\"valueRequired\":true,\"valueName\":\"search_term_string\"}}],\"inLanguage\":\"ca\"},{\"@type\":\"Person\",\"@id\":\"https:\/\/enreach.es\/#\/schema\/person\/28954c3c2fff07efa64b14aae4e755e3\",\"name\":\"Enreach\",\"image\":{\"@type\":\"ImageObject\",\"inLanguage\":\"ca\",\"@id\":\"https:\/\/enreach.es\/#\/schema\/person\/image\/\",\"url\":\"https:\/\/secure.gravatar.com\/avatar\/6c3d6ca5b1fa750a1a92fe9d4ca0c2386fa0535da2b857d01c1bb3ccd2dfc207?s=96&d=mm&r=g\",\"contentUrl\":\"https:\/\/secure.gravatar.com\/avatar\/6c3d6ca5b1fa750a1a92fe9d4ca0c2386fa0535da2b857d01c1bb3ccd2dfc207?s=96&d=mm&r=g\",\"caption\":\"Enreach\"},\"sameAs\":[\"https:\/\/enreach.es\"],\"url\":\"https:\/\/enreach.es\/ca\/blog\/author\/mk-admin\/\"}]}<\/script>\n<!-- \/ Yoast SEO plugin. -->","yoast_head_json":{"title":"Masvoz augmenta la seva facturaci\u00f3 un 43% en 2011 - Enreach ES","robots":{"index":"index","follow":"follow","max-snippet":"max-snippet:-1","max-image-preview":"max-image-preview:large","max-video-preview":"max-video-preview:-1"},"canonical":"https:\/\/enreach.es\/blog\/masvoz-aumenta-su-facturacion-un-43-en-2011\/","og_locale":"ca_ES","og_type":"article","og_title":"Masvoz augmenta la seva facturaci\u00f3 un 43% en 2011 - Enreach ES","og_description":"L\u0092operadora de telecomunicacions va superar els 20 milions d\u0092euros","og_url":"https:\/\/enreach.es\/blog\/masvoz-aumenta-su-facturacion-un-43-en-2011\/","og_site_name":"Enreach ES","article_published_time":"2012-05-06T22:00:00+00:00","article_modified_time":"2022-06-23T13:49:25+00:00","author":"Enreach","twitter_card":"summary_large_image","twitter_misc":{"Escrit per":"Enreach","Temps estimat de lectura":"1 minut"},"schema":{"@context":"https:\/\/schema.org","@graph":[{"@type":"Article","@id":"https:\/\/enreach.es\/blog\/masvoz-aumenta-su-facturacion-un-43-en-2011\/#article","isPartOf":{"@id":"https:\/\/enreach.es\/blog\/masvoz-aumenta-su-facturacion-un-43-en-2011\/"},"author":{"name":"Enreach","@id":"https:\/\/enreach.es\/#\/schema\/person\/28954c3c2fff07efa64b14aae4e755e3"},"headline":"Masvoz augmenta la seva facturaci\u00f3 un 43% en 2011","datePublished":"2012-05-06T22:00:00+00:00","dateModified":"2022-06-23T13:49:25+00:00","mainEntityOfPage":{"@id":"https:\/\/enreach.es\/blog\/masvoz-aumenta-su-facturacion-un-43-en-2011\/"},"wordCount":268,"articleSection":["Noticias"],"inLanguage":"ca"},{"@type":"WebPage","@id":"https:\/\/enreach.es\/blog\/masvoz-aumenta-su-facturacion-un-43-en-2011\/","url":"https:\/\/enreach.es\/blog\/masvoz-aumenta-su-facturacion-un-43-en-2011\/","name":"Masvoz augmenta la seva facturaci\u00f3 un 43% en 2011 - Enreach ES","isPartOf":{"@id":"https:\/\/enreach.es\/#website"},"datePublished":"2012-05-06T22:00:00+00:00","dateModified":"2022-06-23T13:49:25+00:00","author":{"@id":"https:\/\/enreach.es\/#\/schema\/person\/28954c3c2fff07efa64b14aae4e755e3"},"breadcrumb":{"@id":"https:\/\/enreach.es\/blog\/masvoz-aumenta-su-facturacion-un-43-en-2011\/#breadcrumb"},"inLanguage":"ca","potentialAction":[{"@type":"ReadAction","target":["https:\/\/enreach.es\/blog\/masvoz-aumenta-su-facturacion-un-43-en-2011\/"]}]},{"@type":"BreadcrumbList","@id":"https:\/\/enreach.es\/blog\/masvoz-aumenta-su-facturacion-un-43-en-2011\/#breadcrumb","itemListElement":[{"@type":"ListItem","position":1,"name":"Portada","item":"https:\/\/enreach.es\/"},{"@type":"ListItem","position":2,"name":"Masvoz augmenta la seva facturaci\u00f3 un 43% en 2011"}]},{"@type":"WebSite","@id":"https:\/\/enreach.es\/#website","url":"https:\/\/enreach.es\/","name":"Enreach ES","description":"","potentialAction":[{"@type":"SearchAction","target":{"@type":"EntryPoint","urlTemplate":"https:\/\/enreach.es\/?s={search_term_string}"},"query-input":{"@type":"PropertyValueSpecification","valueRequired":true,"valueName":"search_term_string"}}],"inLanguage":"ca"},{"@type":"Person","@id":"https:\/\/enreach.es\/#\/schema\/person\/28954c3c2fff07efa64b14aae4e755e3","name":"Enreach","image":{"@type":"ImageObject","inLanguage":"ca","@id":"https:\/\/enreach.es\/#\/schema\/person\/image\/","url":"https:\/\/secure.gravatar.com\/avatar\/6c3d6ca5b1fa750a1a92fe9d4ca0c2386fa0535da2b857d01c1bb3ccd2dfc207?s=96&d=mm&r=g","contentUrl":"https:\/\/secure.gravatar.com\/avatar\/6c3d6ca5b1fa750a1a92fe9d4ca0c2386fa0535da2b857d01c1bb3ccd2dfc207?s=96&d=mm&r=g","caption":"Enreach"},"sameAs":["https:\/\/enreach.es"],"url":"https:\/\/enreach.es\/ca\/blog\/author\/mk-admin\/"}]}},"_links":{"self":[{"href":"https:\/\/enreach.es\/ca\/wp-json\/wp\/v2\/posts\/32719","targetHints":{"allow":["GET"]}}],"collection":[{"href":"https:\/\/enreach.es\/ca\/wp-json\/wp\/v2\/posts"}],"about":[{"href":"https:\/\/enreach.es\/ca\/wp-json\/wp\/v2\/types\/post"}],"author":[{"embeddable":true,"href":"https:\/\/enreach.es\/ca\/wp-json\/wp\/v2\/users\/1"}],"replies":[{"embeddable":true,"href":"https:\/\/enreach.es\/ca\/wp-json\/wp\/v2\/comments?post=32719"}],"version-history":[{"count":0,"href":"https:\/\/enreach.es\/ca\/wp-json\/wp\/v2\/posts\/32719\/revisions"}],"wp:attachment":[{"href":"https:\/\/enreach.es\/ca\/wp-json\/wp\/v2\/media?parent=32719"}],"wp:term":[{"taxonomy":"category","embeddable":true,"href":"https:\/\/enreach.es\/ca\/wp-json\/wp\/v2\/categories?post=32719"},{"taxonomy":"post_tag","embeddable":true,"href":"https:\/\/enreach.es\/ca\/wp-json\/wp\/v2\/tags?post=32719"}],"curies":[{"name":"wp","href":"https:\/\/api.w.org\/{rel}","templated":true}]}}