{"id":32770,"date":"2015-01-22T00:00:00","date_gmt":"2015-01-21T23:00:00","guid":{"rendered":"https:\/\/enreach.es\/blog\/masvoz-es-noticia-a-la-vanguardia\/"},"modified":"2022-06-23T13:49:37","modified_gmt":"2022-06-23T13:49:37","slug":"masvoz-es-noticia-a-la-vanguardia","status":"publish","type":"post","link":"https:\/\/enreach.es\/ca\/blog\/masvoz-es-noticia-a-la-vanguardia\/","title":{"rendered":"Masvoz \u00e9s not\u00edcia a La Vanguardia"},"content":{"rendered":"<p style=\"text-align: justify;\">L&#8217;operador de telecomunicacions Masvoz ha estat not\u00edcia aquest mes de gener a <a href=\"http:\/\/www.lavanguardia.com\/index.html\">La Vanguardia<\/a>, concretament al suplement \u0091Diners\u0092 del diari. A l&#8217;article es repassen els or\u00edgens de la companyia, fundada fa 12 anys a Barcelona, i la seva evoluci\u00f3 cap al desenvolupament de serveis de telefonia cloud per a empreses amb el seu model software as a service (SaaS) i pagament per \u00fas.<\/p>\n<p style=\"text-align: justify;\">Preguntat per l&#8217;\u00e8xit de l&#8217;empresa, que abasta una cartera de m\u00e9s d&#8217;1.200 clients nacionals i internacionals i va facturar 3,1 milions d&#8217;euros nets el 2014, el seu director general, <b>Alfred Nesweda<\/b>, explica que \u0093a l\u0092oferir tecnologia en el n\u00favol fem que les empreses no hagin d&#8217;invertir grans sumes de diners en equips que en poc temps quedin obsolets\u0094. A m\u00e9s, destaca en l&#8217;entrevista el fet que aquestes empreses es beneficien tamb\u00e9 de tenir una garantia constant de servei.<\/p>\n<p style=\"text-align: justify;\">Entre els seus productes, fan un esment especial a la app <a href=\"\/\/www.masvoz.es\/productes\/solucions-byod\">BizPhone<\/a> com una nova aplicaci\u00f3 que permet integrar el m\u00f2bil d&#8217;empresa en el d&#8217;\u00fas personal. Nesweda explica que \u0093a m\u00e9s de facilitar la vida al treballador, aquesta aplicaci\u00f3 genera un gran estalvi per a l&#8217;empresa que no haur\u00e0 d&#8217;adquirir nous dispositius m\u00f2bils i les tarifes s\u00f3n fins a un 80% m\u00e9s barates respecte a les dels operadors m\u00f2bils tradicionals\u0094.<\/p>\n<p> <b><i>Nota<\/i><\/b><i>: Per llegir l&#8217;article de La Vanguardia <a href=\"https:\/\/www.dropbox.com\/s\/tgkqhm7oa9hgymo\/La%20Vanguardia_04.01.2015_cat.pdf?dl=0\">clickar aqu\u00ed<\/a>.<\/i><\/p>\n","protected":false},"excerpt":{"rendered":"<p>El diari entrevista el seu director general, Alfred Nesweda, per analitzar l\u0092\u00e8xit de la companyia<\/p>\n","protected":false},"author":1,"featured_media":0,"comment_status":"closed","ping_status":"open","sticky":false,"template":"","format":"standard","meta":{"_acf_changed":false,"content-type":"","footnotes":""},"categories":[8],"tags":[],"class_list":["post-32770","post","type-post","status-publish","format-standard","hentry","category-noticias-sobre-enreach"],"acf":[],"yoast_head":"<!-- This site is optimized with the Yoast SEO plugin v26.7 - https:\/\/yoast.com\/wordpress\/plugins\/seo\/ -->\n<title>Masvoz \u00e9s not\u00edcia a La Vanguardia - Enreach ES<\/title>\n<meta name=\"robots\" content=\"index, follow, max-snippet:-1, max-image-preview:large, max-video-preview:-1\" \/>\n<link rel=\"canonical\" href=\"https:\/\/enreach.es\/blog\/masvoz-es-noticia-en-la-vanguardia\/\" \/>\n<meta property=\"og:locale\" content=\"ca_ES\" \/>\n<meta property=\"og:type\" content=\"article\" \/>\n<meta property=\"og:title\" content=\"Masvoz \u00e9s not\u00edcia a La Vanguardia - Enreach ES\" \/>\n<meta property=\"og:description\" content=\"El diari entrevista el seu director general, Alfred Nesweda, per analitzar l\u0092\u00e8xit de la companyia\" \/>\n<meta property=\"og:url\" content=\"https:\/\/enreach.es\/blog\/masvoz-es-noticia-en-la-vanguardia\/\" \/>\n<meta property=\"og:site_name\" content=\"Enreach ES\" \/>\n<meta property=\"article:published_time\" content=\"2015-01-21T23:00:00+00:00\" \/>\n<meta property=\"article:modified_time\" content=\"2022-06-23T13:49:37+00:00\" \/>\n<meta name=\"author\" content=\"Enreach\" \/>\n<meta name=\"twitter:card\" content=\"summary_large_image\" \/>\n<meta name=\"twitter:label1\" content=\"Escrit per\" \/>\n\t<meta name=\"twitter:data1\" content=\"Enreach\" \/>\n\t<meta name=\"twitter:label2\" content=\"Temps estimat de lectura\" \/>\n\t<meta name=\"twitter:data2\" content=\"1 minut\" \/>\n<script type=\"application\/ld+json\" class=\"yoast-schema-graph\">{\"@context\":\"https:\/\/schema.org\",\"@graph\":[{\"@type\":\"Article\",\"@id\":\"https:\/\/enreach.es\/blog\/masvoz-es-noticia-en-la-vanguardia\/#article\",\"isPartOf\":{\"@id\":\"https:\/\/enreach.es\/blog\/masvoz-es-noticia-en-la-vanguardia\/\"},\"author\":{\"name\":\"Enreach\",\"@id\":\"https:\/\/enreach.es\/#\/schema\/person\/28954c3c2fff07efa64b14aae4e755e3\"},\"headline\":\"Masvoz \u00e9s not\u00edcia a La Vanguardia\",\"datePublished\":\"2015-01-21T23:00:00+00:00\",\"dateModified\":\"2022-06-23T13:49:37+00:00\",\"mainEntityOfPage\":{\"@id\":\"https:\/\/enreach.es\/blog\/masvoz-es-noticia-en-la-vanguardia\/\"},\"wordCount\":247,\"articleSection\":[\"Noticias\"],\"inLanguage\":\"ca\"},{\"@type\":\"WebPage\",\"@id\":\"https:\/\/enreach.es\/blog\/masvoz-es-noticia-en-la-vanguardia\/\",\"url\":\"https:\/\/enreach.es\/blog\/masvoz-es-noticia-en-la-vanguardia\/\",\"name\":\"Masvoz \u00e9s not\u00edcia a La Vanguardia - Enreach ES\",\"isPartOf\":{\"@id\":\"https:\/\/enreach.es\/#website\"},\"datePublished\":\"2015-01-21T23:00:00+00:00\",\"dateModified\":\"2022-06-23T13:49:37+00:00\",\"author\":{\"@id\":\"https:\/\/enreach.es\/#\/schema\/person\/28954c3c2fff07efa64b14aae4e755e3\"},\"breadcrumb\":{\"@id\":\"https:\/\/enreach.es\/blog\/masvoz-es-noticia-en-la-vanguardia\/#breadcrumb\"},\"inLanguage\":\"ca\",\"potentialAction\":[{\"@type\":\"ReadAction\",\"target\":[\"https:\/\/enreach.es\/blog\/masvoz-es-noticia-en-la-vanguardia\/\"]}]},{\"@type\":\"BreadcrumbList\",\"@id\":\"https:\/\/enreach.es\/blog\/masvoz-es-noticia-en-la-vanguardia\/#breadcrumb\",\"itemListElement\":[{\"@type\":\"ListItem\",\"position\":1,\"name\":\"Portada\",\"item\":\"https:\/\/enreach.es\/\"},{\"@type\":\"ListItem\",\"position\":2,\"name\":\"Masvoz \u00e9s not\u00edcia a La Vanguardia\"}]},{\"@type\":\"WebSite\",\"@id\":\"https:\/\/enreach.es\/#website\",\"url\":\"https:\/\/enreach.es\/\",\"name\":\"Enreach ES\",\"description\":\"\",\"potentialAction\":[{\"@type\":\"SearchAction\",\"target\":{\"@type\":\"EntryPoint\",\"urlTemplate\":\"https:\/\/enreach.es\/?s={search_term_string}\"},\"query-input\":{\"@type\":\"PropertyValueSpecification\",\"valueRequired\":true,\"valueName\":\"search_term_string\"}}],\"inLanguage\":\"ca\"},{\"@type\":\"Person\",\"@id\":\"https:\/\/enreach.es\/#\/schema\/person\/28954c3c2fff07efa64b14aae4e755e3\",\"name\":\"Enreach\",\"image\":{\"@type\":\"ImageObject\",\"inLanguage\":\"ca\",\"@id\":\"https:\/\/enreach.es\/#\/schema\/person\/image\/\",\"url\":\"https:\/\/secure.gravatar.com\/avatar\/6c3d6ca5b1fa750a1a92fe9d4ca0c2386fa0535da2b857d01c1bb3ccd2dfc207?s=96&d=mm&r=g\",\"contentUrl\":\"https:\/\/secure.gravatar.com\/avatar\/6c3d6ca5b1fa750a1a92fe9d4ca0c2386fa0535da2b857d01c1bb3ccd2dfc207?s=96&d=mm&r=g\",\"caption\":\"Enreach\"},\"sameAs\":[\"https:\/\/enreach.es\"],\"url\":\"https:\/\/enreach.es\/ca\/blog\/author\/mk-admin\/\"}]}<\/script>\n<!-- \/ Yoast SEO plugin. -->","yoast_head_json":{"title":"Masvoz \u00e9s not\u00edcia a La Vanguardia - Enreach ES","robots":{"index":"index","follow":"follow","max-snippet":"max-snippet:-1","max-image-preview":"max-image-preview:large","max-video-preview":"max-video-preview:-1"},"canonical":"https:\/\/enreach.es\/blog\/masvoz-es-noticia-en-la-vanguardia\/","og_locale":"ca_ES","og_type":"article","og_title":"Masvoz \u00e9s not\u00edcia a La Vanguardia - Enreach ES","og_description":"El diari entrevista el seu director general, Alfred Nesweda, per analitzar l\u0092\u00e8xit de la companyia","og_url":"https:\/\/enreach.es\/blog\/masvoz-es-noticia-en-la-vanguardia\/","og_site_name":"Enreach ES","article_published_time":"2015-01-21T23:00:00+00:00","article_modified_time":"2022-06-23T13:49:37+00:00","author":"Enreach","twitter_card":"summary_large_image","twitter_misc":{"Escrit per":"Enreach","Temps estimat de lectura":"1 minut"},"schema":{"@context":"https:\/\/schema.org","@graph":[{"@type":"Article","@id":"https:\/\/enreach.es\/blog\/masvoz-es-noticia-en-la-vanguardia\/#article","isPartOf":{"@id":"https:\/\/enreach.es\/blog\/masvoz-es-noticia-en-la-vanguardia\/"},"author":{"name":"Enreach","@id":"https:\/\/enreach.es\/#\/schema\/person\/28954c3c2fff07efa64b14aae4e755e3"},"headline":"Masvoz \u00e9s not\u00edcia a La Vanguardia","datePublished":"2015-01-21T23:00:00+00:00","dateModified":"2022-06-23T13:49:37+00:00","mainEntityOfPage":{"@id":"https:\/\/enreach.es\/blog\/masvoz-es-noticia-en-la-vanguardia\/"},"wordCount":247,"articleSection":["Noticias"],"inLanguage":"ca"},{"@type":"WebPage","@id":"https:\/\/enreach.es\/blog\/masvoz-es-noticia-en-la-vanguardia\/","url":"https:\/\/enreach.es\/blog\/masvoz-es-noticia-en-la-vanguardia\/","name":"Masvoz \u00e9s not\u00edcia a La Vanguardia - Enreach ES","isPartOf":{"@id":"https:\/\/enreach.es\/#website"},"datePublished":"2015-01-21T23:00:00+00:00","dateModified":"2022-06-23T13:49:37+00:00","author":{"@id":"https:\/\/enreach.es\/#\/schema\/person\/28954c3c2fff07efa64b14aae4e755e3"},"breadcrumb":{"@id":"https:\/\/enreach.es\/blog\/masvoz-es-noticia-en-la-vanguardia\/#breadcrumb"},"inLanguage":"ca","potentialAction":[{"@type":"ReadAction","target":["https:\/\/enreach.es\/blog\/masvoz-es-noticia-en-la-vanguardia\/"]}]},{"@type":"BreadcrumbList","@id":"https:\/\/enreach.es\/blog\/masvoz-es-noticia-en-la-vanguardia\/#breadcrumb","itemListElement":[{"@type":"ListItem","position":1,"name":"Portada","item":"https:\/\/enreach.es\/"},{"@type":"ListItem","position":2,"name":"Masvoz \u00e9s not\u00edcia a La Vanguardia"}]},{"@type":"WebSite","@id":"https:\/\/enreach.es\/#website","url":"https:\/\/enreach.es\/","name":"Enreach ES","description":"","potentialAction":[{"@type":"SearchAction","target":{"@type":"EntryPoint","urlTemplate":"https:\/\/enreach.es\/?s={search_term_string}"},"query-input":{"@type":"PropertyValueSpecification","valueRequired":true,"valueName":"search_term_string"}}],"inLanguage":"ca"},{"@type":"Person","@id":"https:\/\/enreach.es\/#\/schema\/person\/28954c3c2fff07efa64b14aae4e755e3","name":"Enreach","image":{"@type":"ImageObject","inLanguage":"ca","@id":"https:\/\/enreach.es\/#\/schema\/person\/image\/","url":"https:\/\/secure.gravatar.com\/avatar\/6c3d6ca5b1fa750a1a92fe9d4ca0c2386fa0535da2b857d01c1bb3ccd2dfc207?s=96&d=mm&r=g","contentUrl":"https:\/\/secure.gravatar.com\/avatar\/6c3d6ca5b1fa750a1a92fe9d4ca0c2386fa0535da2b857d01c1bb3ccd2dfc207?s=96&d=mm&r=g","caption":"Enreach"},"sameAs":["https:\/\/enreach.es"],"url":"https:\/\/enreach.es\/ca\/blog\/author\/mk-admin\/"}]}},"_links":{"self":[{"href":"https:\/\/enreach.es\/ca\/wp-json\/wp\/v2\/posts\/32770","targetHints":{"allow":["GET"]}}],"collection":[{"href":"https:\/\/enreach.es\/ca\/wp-json\/wp\/v2\/posts"}],"about":[{"href":"https:\/\/enreach.es\/ca\/wp-json\/wp\/v2\/types\/post"}],"author":[{"embeddable":true,"href":"https:\/\/enreach.es\/ca\/wp-json\/wp\/v2\/users\/1"}],"replies":[{"embeddable":true,"href":"https:\/\/enreach.es\/ca\/wp-json\/wp\/v2\/comments?post=32770"}],"version-history":[{"count":0,"href":"https:\/\/enreach.es\/ca\/wp-json\/wp\/v2\/posts\/32770\/revisions"}],"wp:attachment":[{"href":"https:\/\/enreach.es\/ca\/wp-json\/wp\/v2\/media?parent=32770"}],"wp:term":[{"taxonomy":"category","embeddable":true,"href":"https:\/\/enreach.es\/ca\/wp-json\/wp\/v2\/categories?post=32770"},{"taxonomy":"post_tag","embeddable":true,"href":"https:\/\/enreach.es\/ca\/wp-json\/wp\/v2\/tags?post=32770"}],"curies":[{"name":"wp","href":"https:\/\/api.w.org\/{rel}","templated":true}]}}