{"id":32859,"date":"2016-02-02T09:00:14","date_gmt":"2016-02-02T09:00:14","guid":{"rendered":"https:\/\/enreach.es\/blog\/blogmasvoz-aposta-pel-mwc-per-reforcar-la-seva-oferta-internacional-de-telefonia-cloud-2\/"},"modified":"2016-02-02T09:00:05","modified_gmt":"2016-02-02T09:00:05","slug":"blogmasvoz-aposta-pel-mwc-per-reforcar-la-seva-oferta-internacional-de-telefonia-cloud-2","status":"publish","type":"post","link":"https:\/\/enreach.es\/ca\/blog\/blogmasvoz-aposta-pel-mwc-per-reforcar-la-seva-oferta-internacional-de-telefonia-cloud-2\/","title":{"rendered":"Masvoz aposta pel MWC per refor\u00e7ar la seva oferta internacional de telefonia cloud"},"content":{"rendered":"<p>La companyia ja ofereix serveis de numeraci\u00f3 telef\u00f2nica a m\u00e9s de 70 pa\u00efsos gr\u00e0cies als acords amb els principals operadors de cada regi\u00f3.<\/p>\n<p><a href=\"\/\/www.masvoz.es\/index_2.php\">Masvoz<\/a>, firma de refer\u00e8ncia en serveis de telefonia cloud a Espa\u00f1a, estar\u00e0 present en una nova edici\u00f3 del <a target=\"_blank\" href=\"https:\/\/www.mobileworldcongress.com\/\" rel=\"noopener\">Mobile World Congress<\/a> (MWC), que tindr\u00e0 lloc entre el 22 i el 25 de Febrer de 2016 a la capital catalana. La companyia aprofitar\u00e0 el fort impacte mundial de l\u2019esdeveniment per ampliar la seva oferta de serveis a l\u2019\u00e0mbit internacional explorant acords de col\u00b7laboraci\u00f3 amb <em>partners<\/em> i operadores de tot el mon. El seu stand estar\u00e0 ubicat al Pavell\u00f3 Espa\u00f1a (Congress Square CS60).<\/p>\n<p><b>El \u2018Mobile is everything\u2019 de las comunicacions corporatives<\/b><\/p>\n<p>Amb aquesta nova participaci\u00f3 al MWC, masvoz vol aprofitar l\u2019ocasi\u00f3 de comptar amb un aparador mundial per mostrar als visitants (quasi 100.000 professionals de m\u00e9s de 200 pa\u00efsos) la nova versi\u00f3 \u201cMobile-friendly\u201d de la seva <a href=\"\/\/www.masvoz.es\/productes\/centraleta-virtual\">plataforma de telefonia cloud<\/a> per empreses, gestionable en qualsevol moment i lloc des de qualsevol dispositiu connectat a internet, a trav\u00e9s d\u2019un taulell de control multidispositiu disponible online 24\/7.<\/p>\n<p>Aquesta soluci\u00f3 de telefonia corporativa resol les necessitats de converg\u00e8ncia fixe-m\u00f2bil de les empreses de manera simple i efica\u00e7, mitjan\u00e7ant avan\u00e7ades eines de productivitat per empleats sempre connectats, orientades a facilitar la implementaci\u00f3 de <a href=\"\/\/www.masvoz.es\/productes\/solucions-byod\">programes BYOD (Bring Your Own Device)<\/a> corporatius. Entre aquestes destaquen BizPhone, l\u2019app que converteix el smartphone personal d\u2019un empleat en el seu centre de comunicacions corporatives, y WebPhone, l\u2019aplicaci\u00f3 multim\u00e8dia que converteix el navegador del PC, port\u00e0til o tauleta del professional, en un complet terminal telef\u00f2nic corporatiu.<\/p>\n<p><b>Sobre masvoz<\/b><\/p>\n<p>Masvoz ofereix serveis i solucions de telefonia i comunicacions per a empreses sota un model cloud de pagament per \u00fas.<\/p>\n<p>Masvoz ofereix un portfoli complet i \u00fanic al sector que compr\u00e8n serveis de numeraci\u00f3 telef\u00f2nica arreu del m\u00f3n, solucions de telefonia corporativa i <em>contact center<\/em>, i un ampli ventall d\u2019eines de veu per a operadors i desenvolupadors. Com a operador de telecomunicacions registrat a la CNMC, masvoz ofereix la m\u00e0xima garantia de qualitat i seguretat a les comunicacions.<\/p>\n<p>Per m\u00e9s informaci\u00f3, contactar amb <a target=\"_blank\" href=\"mailto:info@masvoz.es\" rel=\"noopener\">info@masvoz.es<\/a>\u00a0o trucar al 902 500 807.<\/p>\n","protected":false},"excerpt":{"rendered":"<p>La companyia ja ofereix serveis de numeraci\u00f3 telef\u00f2nica a m\u00e9s de 70 pa\u00efsos gr\u00e0cies als acords amb els principals operadors de cada regi\u00f3. Masvoz, firma de refer\u00e8ncia en serveis de telefonia cloud a Espa\u00f1a, estar\u00e0 present en una nova edici\u00f3 del Mobile World Congress (MWC), que tindr\u00e0 lloc entre el 22 i el 25 de&#8230;  <a class=\"excerpt-read-more\" href=\"https:\/\/enreach.es\/ca\/blog\/blogmasvoz-aposta-pel-mwc-per-reforcar-la-seva-oferta-internacional-de-telefonia-cloud-2\/\" title=\"Read Masvoz aposta pel MWC per refor\u00e7ar la seva oferta internacional de telefonia cloud\">Read more &raquo;<\/a><\/p>\n","protected":false},"author":1,"featured_media":27405,"comment_status":"closed","ping_status":"open","sticky":false,"template":"","format":"standard","meta":{"_acf_changed":false,"content-type":"","footnotes":""},"categories":[2146],"tags":[],"class_list":["post-32859","post","type-post","status-publish","format-standard","has-post-thumbnail","hentry","category-noticies"],"acf":[],"yoast_head":"<!-- This site is optimized with the Yoast SEO plugin v26.7 - https:\/\/yoast.com\/wordpress\/plugins\/seo\/ -->\n<title>Masvoz aposta pel MWC per refor\u00e7ar la seva oferta internacional de telefonia cloud - Enreach ES<\/title>\n<meta name=\"robots\" content=\"index, follow, max-snippet:-1, max-image-preview:large, max-video-preview:-1\" \/>\n<link rel=\"canonical\" href=\"https:\/\/enreach.es\/ca\/blog\/blogmasvoz-aposta-pel-mwc-per-reforcar-la-seva-oferta-internacional-de-telefonia-cloud-2\/\" \/>\n<meta property=\"og:locale\" content=\"ca_ES\" \/>\n<meta property=\"og:type\" content=\"article\" \/>\n<meta property=\"og:title\" content=\"Masvoz aposta pel MWC per refor\u00e7ar la seva oferta internacional de telefonia cloud - Enreach ES\" \/>\n<meta property=\"og:description\" content=\"La companyia ja ofereix serveis de numeraci\u00f3 telef\u00f2nica a m\u00e9s de 70 pa\u00efsos gr\u00e0cies als acords amb els principals operadors de cada regi\u00f3. Masvoz, firma de refer\u00e8ncia en serveis de telefonia cloud a Espa\u00f1a, estar\u00e0 present en una nova edici\u00f3 del Mobile World Congress (MWC), que tindr\u00e0 lloc entre el 22 i el 25 de... Read more &raquo;\" \/>\n<meta property=\"og:url\" content=\"https:\/\/enreach.es\/ca\/blog\/blogmasvoz-aposta-pel-mwc-per-reforcar-la-seva-oferta-internacional-de-telefonia-cloud-2\/\" \/>\n<meta property=\"og:site_name\" content=\"Enreach ES\" \/>\n<meta property=\"article:published_time\" content=\"2016-02-02T09:00:14+00:00\" \/>\n<meta property=\"og:image\" content=\"https:\/\/enreach.es\/wp-content\/uploads\/2022\/06\/MWC-2016-barcelona-logo-ok.jpg\" \/>\n\t<meta property=\"og:image:width\" content=\"970\" \/>\n\t<meta property=\"og:image:height\" content=\"630\" \/>\n\t<meta property=\"og:image:type\" content=\"image\/jpeg\" \/>\n<meta name=\"author\" content=\"Enreach\" \/>\n<meta name=\"twitter:card\" content=\"summary_large_image\" \/>\n<meta name=\"twitter:label1\" content=\"Escrit per\" \/>\n\t<meta name=\"twitter:data1\" content=\"Enreach\" \/>\n\t<meta name=\"twitter:label2\" content=\"Temps estimat de lectura\" \/>\n\t<meta name=\"twitter:data2\" content=\"2 minuts\" \/>\n<script type=\"application\/ld+json\" class=\"yoast-schema-graph\">{\"@context\":\"https:\/\/schema.org\",\"@graph\":[{\"@type\":\"Article\",\"@id\":\"https:\/\/enreach.es\/ca\/blog\/blogmasvoz-aposta-pel-mwc-per-reforcar-la-seva-oferta-internacional-de-telefonia-cloud-2\/#article\",\"isPartOf\":{\"@id\":\"https:\/\/enreach.es\/ca\/blog\/blogmasvoz-aposta-pel-mwc-per-reforcar-la-seva-oferta-internacional-de-telefonia-cloud-2\/\"},\"author\":{\"name\":\"Enreach\",\"@id\":\"https:\/\/enreach.es\/#\/schema\/person\/28954c3c2fff07efa64b14aae4e755e3\"},\"headline\":\"Masvoz aposta pel MWC per refor\u00e7ar la seva oferta internacional de telefonia cloud\",\"datePublished\":\"2016-02-02T09:00:14+00:00\",\"mainEntityOfPage\":{\"@id\":\"https:\/\/enreach.es\/ca\/blog\/blogmasvoz-aposta-pel-mwc-per-reforcar-la-seva-oferta-internacional-de-telefonia-cloud-2\/\"},\"wordCount\":386,\"image\":{\"@id\":\"https:\/\/enreach.es\/ca\/blog\/blogmasvoz-aposta-pel-mwc-per-reforcar-la-seva-oferta-internacional-de-telefonia-cloud-2\/#primaryimage\"},\"thumbnailUrl\":\"https:\/\/enreach.es\/wp-content\/uploads\/2022\/06\/MWC-2016-barcelona-logo-ok.jpg\",\"articleSection\":[\"Not\u00edcies\"],\"inLanguage\":\"ca\"},{\"@type\":\"WebPage\",\"@id\":\"https:\/\/enreach.es\/ca\/blog\/blogmasvoz-aposta-pel-mwc-per-reforcar-la-seva-oferta-internacional-de-telefonia-cloud-2\/\",\"url\":\"https:\/\/enreach.es\/ca\/blog\/blogmasvoz-aposta-pel-mwc-per-reforcar-la-seva-oferta-internacional-de-telefonia-cloud-2\/\",\"name\":\"Masvoz aposta pel MWC per refor\u00e7ar la seva oferta internacional de telefonia cloud - Enreach ES\",\"isPartOf\":{\"@id\":\"https:\/\/enreach.es\/#website\"},\"primaryImageOfPage\":{\"@id\":\"https:\/\/enreach.es\/ca\/blog\/blogmasvoz-aposta-pel-mwc-per-reforcar-la-seva-oferta-internacional-de-telefonia-cloud-2\/#primaryimage\"},\"image\":{\"@id\":\"https:\/\/enreach.es\/ca\/blog\/blogmasvoz-aposta-pel-mwc-per-reforcar-la-seva-oferta-internacional-de-telefonia-cloud-2\/#primaryimage\"},\"thumbnailUrl\":\"https:\/\/enreach.es\/wp-content\/uploads\/2022\/06\/MWC-2016-barcelona-logo-ok.jpg\",\"datePublished\":\"2016-02-02T09:00:14+00:00\",\"author\":{\"@id\":\"https:\/\/enreach.es\/#\/schema\/person\/28954c3c2fff07efa64b14aae4e755e3\"},\"breadcrumb\":{\"@id\":\"https:\/\/enreach.es\/ca\/blog\/blogmasvoz-aposta-pel-mwc-per-reforcar-la-seva-oferta-internacional-de-telefonia-cloud-2\/#breadcrumb\"},\"inLanguage\":\"ca\",\"potentialAction\":[{\"@type\":\"ReadAction\",\"target\":[\"https:\/\/enreach.es\/ca\/blog\/blogmasvoz-aposta-pel-mwc-per-reforcar-la-seva-oferta-internacional-de-telefonia-cloud-2\/\"]}]},{\"@type\":\"ImageObject\",\"inLanguage\":\"ca\",\"@id\":\"https:\/\/enreach.es\/ca\/blog\/blogmasvoz-aposta-pel-mwc-per-reforcar-la-seva-oferta-internacional-de-telefonia-cloud-2\/#primaryimage\",\"url\":\"https:\/\/enreach.es\/wp-content\/uploads\/2022\/06\/MWC-2016-barcelona-logo-ok.jpg\",\"contentUrl\":\"https:\/\/enreach.es\/wp-content\/uploads\/2022\/06\/MWC-2016-barcelona-logo-ok.jpg\",\"width\":970,\"height\":630},{\"@type\":\"BreadcrumbList\",\"@id\":\"https:\/\/enreach.es\/ca\/blog\/blogmasvoz-aposta-pel-mwc-per-reforcar-la-seva-oferta-internacional-de-telefonia-cloud-2\/#breadcrumb\",\"itemListElement\":[{\"@type\":\"ListItem\",\"position\":1,\"name\":\"Portada\",\"item\":\"https:\/\/enreach.es\/\"},{\"@type\":\"ListItem\",\"position\":2,\"name\":\"Masvoz aposta pel MWC per refor\u00e7ar la seva oferta internacional de telefonia cloud\"}]},{\"@type\":\"WebSite\",\"@id\":\"https:\/\/enreach.es\/#website\",\"url\":\"https:\/\/enreach.es\/\",\"name\":\"Enreach ES\",\"description\":\"\",\"potentialAction\":[{\"@type\":\"SearchAction\",\"target\":{\"@type\":\"EntryPoint\",\"urlTemplate\":\"https:\/\/enreach.es\/?s={search_term_string}\"},\"query-input\":{\"@type\":\"PropertyValueSpecification\",\"valueRequired\":true,\"valueName\":\"search_term_string\"}}],\"inLanguage\":\"ca\"},{\"@type\":\"Person\",\"@id\":\"https:\/\/enreach.es\/#\/schema\/person\/28954c3c2fff07efa64b14aae4e755e3\",\"name\":\"Enreach\",\"image\":{\"@type\":\"ImageObject\",\"inLanguage\":\"ca\",\"@id\":\"https:\/\/enreach.es\/#\/schema\/person\/image\/\",\"url\":\"https:\/\/secure.gravatar.com\/avatar\/6c3d6ca5b1fa750a1a92fe9d4ca0c2386fa0535da2b857d01c1bb3ccd2dfc207?s=96&d=mm&r=g\",\"contentUrl\":\"https:\/\/secure.gravatar.com\/avatar\/6c3d6ca5b1fa750a1a92fe9d4ca0c2386fa0535da2b857d01c1bb3ccd2dfc207?s=96&d=mm&r=g\",\"caption\":\"Enreach\"},\"sameAs\":[\"https:\/\/enreach.es\"],\"url\":\"https:\/\/enreach.es\/ca\/blog\/author\/mk-admin\/\"}]}<\/script>\n<!-- \/ Yoast SEO plugin. -->","yoast_head_json":{"title":"Masvoz aposta pel MWC per refor\u00e7ar la seva oferta internacional de telefonia cloud - Enreach ES","robots":{"index":"index","follow":"follow","max-snippet":"max-snippet:-1","max-image-preview":"max-image-preview:large","max-video-preview":"max-video-preview:-1"},"canonical":"https:\/\/enreach.es\/ca\/blog\/blogmasvoz-aposta-pel-mwc-per-reforcar-la-seva-oferta-internacional-de-telefonia-cloud-2\/","og_locale":"ca_ES","og_type":"article","og_title":"Masvoz aposta pel MWC per refor\u00e7ar la seva oferta internacional de telefonia cloud - Enreach ES","og_description":"La companyia ja ofereix serveis de numeraci\u00f3 telef\u00f2nica a m\u00e9s de 70 pa\u00efsos gr\u00e0cies als acords amb els principals operadors de cada regi\u00f3. Masvoz, firma de refer\u00e8ncia en serveis de telefonia cloud a Espa\u00f1a, estar\u00e0 present en una nova edici\u00f3 del Mobile World Congress (MWC), que tindr\u00e0 lloc entre el 22 i el 25 de... Read more &raquo;","og_url":"https:\/\/enreach.es\/ca\/blog\/blogmasvoz-aposta-pel-mwc-per-reforcar-la-seva-oferta-internacional-de-telefonia-cloud-2\/","og_site_name":"Enreach ES","article_published_time":"2016-02-02T09:00:14+00:00","og_image":[{"width":970,"height":630,"url":"https:\/\/enreach.es\/wp-content\/uploads\/2022\/06\/MWC-2016-barcelona-logo-ok.jpg","type":"image\/jpeg"}],"author":"Enreach","twitter_card":"summary_large_image","twitter_misc":{"Escrit per":"Enreach","Temps estimat de lectura":"2 minuts"},"schema":{"@context":"https:\/\/schema.org","@graph":[{"@type":"Article","@id":"https:\/\/enreach.es\/ca\/blog\/blogmasvoz-aposta-pel-mwc-per-reforcar-la-seva-oferta-internacional-de-telefonia-cloud-2\/#article","isPartOf":{"@id":"https:\/\/enreach.es\/ca\/blog\/blogmasvoz-aposta-pel-mwc-per-reforcar-la-seva-oferta-internacional-de-telefonia-cloud-2\/"},"author":{"name":"Enreach","@id":"https:\/\/enreach.es\/#\/schema\/person\/28954c3c2fff07efa64b14aae4e755e3"},"headline":"Masvoz aposta pel MWC per refor\u00e7ar la seva oferta internacional de telefonia cloud","datePublished":"2016-02-02T09:00:14+00:00","mainEntityOfPage":{"@id":"https:\/\/enreach.es\/ca\/blog\/blogmasvoz-aposta-pel-mwc-per-reforcar-la-seva-oferta-internacional-de-telefonia-cloud-2\/"},"wordCount":386,"image":{"@id":"https:\/\/enreach.es\/ca\/blog\/blogmasvoz-aposta-pel-mwc-per-reforcar-la-seva-oferta-internacional-de-telefonia-cloud-2\/#primaryimage"},"thumbnailUrl":"https:\/\/enreach.es\/wp-content\/uploads\/2022\/06\/MWC-2016-barcelona-logo-ok.jpg","articleSection":["Not\u00edcies"],"inLanguage":"ca"},{"@type":"WebPage","@id":"https:\/\/enreach.es\/ca\/blog\/blogmasvoz-aposta-pel-mwc-per-reforcar-la-seva-oferta-internacional-de-telefonia-cloud-2\/","url":"https:\/\/enreach.es\/ca\/blog\/blogmasvoz-aposta-pel-mwc-per-reforcar-la-seva-oferta-internacional-de-telefonia-cloud-2\/","name":"Masvoz aposta pel MWC per refor\u00e7ar la seva oferta internacional de telefonia cloud - Enreach ES","isPartOf":{"@id":"https:\/\/enreach.es\/#website"},"primaryImageOfPage":{"@id":"https:\/\/enreach.es\/ca\/blog\/blogmasvoz-aposta-pel-mwc-per-reforcar-la-seva-oferta-internacional-de-telefonia-cloud-2\/#primaryimage"},"image":{"@id":"https:\/\/enreach.es\/ca\/blog\/blogmasvoz-aposta-pel-mwc-per-reforcar-la-seva-oferta-internacional-de-telefonia-cloud-2\/#primaryimage"},"thumbnailUrl":"https:\/\/enreach.es\/wp-content\/uploads\/2022\/06\/MWC-2016-barcelona-logo-ok.jpg","datePublished":"2016-02-02T09:00:14+00:00","author":{"@id":"https:\/\/enreach.es\/#\/schema\/person\/28954c3c2fff07efa64b14aae4e755e3"},"breadcrumb":{"@id":"https:\/\/enreach.es\/ca\/blog\/blogmasvoz-aposta-pel-mwc-per-reforcar-la-seva-oferta-internacional-de-telefonia-cloud-2\/#breadcrumb"},"inLanguage":"ca","potentialAction":[{"@type":"ReadAction","target":["https:\/\/enreach.es\/ca\/blog\/blogmasvoz-aposta-pel-mwc-per-reforcar-la-seva-oferta-internacional-de-telefonia-cloud-2\/"]}]},{"@type":"ImageObject","inLanguage":"ca","@id":"https:\/\/enreach.es\/ca\/blog\/blogmasvoz-aposta-pel-mwc-per-reforcar-la-seva-oferta-internacional-de-telefonia-cloud-2\/#primaryimage","url":"https:\/\/enreach.es\/wp-content\/uploads\/2022\/06\/MWC-2016-barcelona-logo-ok.jpg","contentUrl":"https:\/\/enreach.es\/wp-content\/uploads\/2022\/06\/MWC-2016-barcelona-logo-ok.jpg","width":970,"height":630},{"@type":"BreadcrumbList","@id":"https:\/\/enreach.es\/ca\/blog\/blogmasvoz-aposta-pel-mwc-per-reforcar-la-seva-oferta-internacional-de-telefonia-cloud-2\/#breadcrumb","itemListElement":[{"@type":"ListItem","position":1,"name":"Portada","item":"https:\/\/enreach.es\/"},{"@type":"ListItem","position":2,"name":"Masvoz aposta pel MWC per refor\u00e7ar la seva oferta internacional de telefonia cloud"}]},{"@type":"WebSite","@id":"https:\/\/enreach.es\/#website","url":"https:\/\/enreach.es\/","name":"Enreach ES","description":"","potentialAction":[{"@type":"SearchAction","target":{"@type":"EntryPoint","urlTemplate":"https:\/\/enreach.es\/?s={search_term_string}"},"query-input":{"@type":"PropertyValueSpecification","valueRequired":true,"valueName":"search_term_string"}}],"inLanguage":"ca"},{"@type":"Person","@id":"https:\/\/enreach.es\/#\/schema\/person\/28954c3c2fff07efa64b14aae4e755e3","name":"Enreach","image":{"@type":"ImageObject","inLanguage":"ca","@id":"https:\/\/enreach.es\/#\/schema\/person\/image\/","url":"https:\/\/secure.gravatar.com\/avatar\/6c3d6ca5b1fa750a1a92fe9d4ca0c2386fa0535da2b857d01c1bb3ccd2dfc207?s=96&d=mm&r=g","contentUrl":"https:\/\/secure.gravatar.com\/avatar\/6c3d6ca5b1fa750a1a92fe9d4ca0c2386fa0535da2b857d01c1bb3ccd2dfc207?s=96&d=mm&r=g","caption":"Enreach"},"sameAs":["https:\/\/enreach.es"],"url":"https:\/\/enreach.es\/ca\/blog\/author\/mk-admin\/"}]}},"_links":{"self":[{"href":"https:\/\/enreach.es\/ca\/wp-json\/wp\/v2\/posts\/32859","targetHints":{"allow":["GET"]}}],"collection":[{"href":"https:\/\/enreach.es\/ca\/wp-json\/wp\/v2\/posts"}],"about":[{"href":"https:\/\/enreach.es\/ca\/wp-json\/wp\/v2\/types\/post"}],"author":[{"embeddable":true,"href":"https:\/\/enreach.es\/ca\/wp-json\/wp\/v2\/users\/1"}],"replies":[{"embeddable":true,"href":"https:\/\/enreach.es\/ca\/wp-json\/wp\/v2\/comments?post=32859"}],"version-history":[{"count":0,"href":"https:\/\/enreach.es\/ca\/wp-json\/wp\/v2\/posts\/32859\/revisions"}],"wp:featuredmedia":[{"embeddable":true,"href":"https:\/\/enreach.es\/ca\/wp-json\/wp\/v2\/media\/27405"}],"wp:attachment":[{"href":"https:\/\/enreach.es\/ca\/wp-json\/wp\/v2\/media?parent=32859"}],"wp:term":[{"taxonomy":"category","embeddable":true,"href":"https:\/\/enreach.es\/ca\/wp-json\/wp\/v2\/categories?post=32859"},{"taxonomy":"post_tag","embeddable":true,"href":"https:\/\/enreach.es\/ca\/wp-json\/wp\/v2\/tags?post=32859"}],"curies":[{"name":"wp","href":"https:\/\/api.w.org\/{rel}","templated":true}]}}