{"id":32876,"date":"2017-03-07T08:00:21","date_gmt":"2017-03-07T07:00:21","guid":{"rendered":"https:\/\/enreach.es\/blog\/mobilitat-i-seguretat-els-grans-reptes-les-empreses-digitals\/"},"modified":"2023-12-13T16:05:23","modified_gmt":"2023-12-13T15:05:23","slug":"mobilitat-i-seguretat-els-grans-reptes-les-empreses-digitals","status":"publish","type":"post","link":"https:\/\/enreach.es\/ca\/blog\/mobilitat-i-seguretat-els-grans-reptes-les-empreses-digitals\/","title":{"rendered":"Mobilitat i seguretat, els grans reptes de les empreses digitals"},"content":{"rendered":"<p>Els mercats caminen cap a una nova \u201ceconomia oberta\u201d que t\u00e9 com a fonaments i impulsos l\u2019augment del treball freelance i de la mobilitat a les empreses, l\u2019impacte de l\u2019aven\u00e7 de la intel\u00b7lig\u00e8ncia artificial, la integraci\u00f3 d\u2019startups a l\u2019estructura organitzativa de grans corporacions o tend\u00e8ncies a l\u2019al\u00e7a com BYOD. B\u00e0sicament estem parlant de mobilitat, i de tot all\u00f2 que implica i implicar\u00e0 per a empreses i treballadors, incloents un necessari i imprescindible augment de la seguretat.<\/p>\n<p><strong>Cap a \u201cl\u2019economia oberta\u201d<\/strong><\/p>\n<p>L\u2019aven\u00e7 cap a aquest nou estat d\u2019economia oberta \u00e9s imparable; els seus or\u00edgens es remunten anys enrere, per\u00f2 ser\u00e0 el 2020 quan s\u2019hagin assentat les bases, tal i com indica un <a href=\"http:\/\/www.samsung.com\/fi\/business-images\/insights\/2017\/open_economy_report-0.pdf\">informe<\/a> realitzat per The Future Laboratory per a Samsung sota el t\u00edtol \u201cThe Open Economy\u201d.<\/p>\n<blockquote>\n<p><em>\u201cMoltes empreses europees ja han comen\u00e7at a realitzar canvis radicals en els seus negocis adoptant noves tecnologies intel\u00b7ligents que impulsen el nucli del seu negoci, integrant nous tipus de treballadors i dispositius, trobant noves maneres d\u2019emprar r\u00e0pidament els recursos humans canviants&#8230; Per\u00f2 d\u2019altres estan lluitant per trobar noves vies d\u2019acc\u00e9s a l\u2019Economia Oberta, i necessiten ajut per donar les seves primeres passes\u201d.<\/em><\/p>\n<\/blockquote>\n<p><strong>Major integraci\u00f3 de la tecnologia, augment dels empleats freelance <\/strong>i <strong>transformaci\u00f3 dels processos de treball<\/strong>, tot aix\u00f2 en el seu conjunt far\u00e0 cr\u00e9ixer la necessitat de comptar amb m\u00e9s i millors mesures de <strong><a href=\"https:\/\/www.masvoz.cat\/telefonia-intel%C2%B7ligent\/caracteristiques\">seguretat<\/a><\/strong>, m\u00e9s encara quan els informes demostren que, any rere any, la ciberdelinq\u00fc\u00e8ncia augmenta, com tamb\u00e9 ho fa el cost que provoca en el conjunt de l\u2019economia del planeta.<\/p>\n<p>Els aven\u00e7os en <strong>intel\u00b7lig\u00e8ncia artificial<\/strong> i <strong>aprenentatge autom\u00e0tic<\/strong> seran decisius en la consolidaci\u00f3 de l\u2019economia oberta. La <strong>major inversi\u00f3 de les empreses<\/strong> en aquesta tecnologia (9.200 milions de d\u00f2lars pel 2019) obligar\u00e0 tamb\u00e9 a qu\u00e8 les empreses inverteixin m\u00e9s en seguretat, doncs s\u2019obriran nous escenaris i graus de risc. Al mateix temps, l\u2019automatitzaci\u00f3 de processos repetitius alliberar\u00e0 el talent dels empleats impulsant aix\u00ed l\u2019<strong>expansi\u00f3 de l\u2019<a href=\"https:\/\/www.masvoz.cat\/bloc\/el-83-dels-treballadors-son-mes-productius-amb-eines-col%C2%B7laboratives\/\">oficina m\u00f2bil<\/a><\/strong>, el creixement dels treballadors freelance, la independ\u00e8ncia i la <strong>flexibilitat<\/strong>, acompanyada d\u2019un enfortiment de tend\u00e8ncies essencials per a tot aix\u00f2, com ho \u00e9s <strong><a href=\"https:\/\/www.masvoz.cat\/blog\/blogel-89-dels-departaments-de-ti-aposten-per-solucions-byod\/\">BYOD<\/a><\/strong> (Bring Your Own Device).<\/p>\n<blockquote>\n<p><em>\u201cTrobar maneres de capacitar de forma segura a les noves generacions de treballadors freelance ser\u00e0 el desafiament comercial n\u00famero 1. En un termini de tres anys, s\u2019espera que les empreses hagin de lluitar amb m\u00e9s de 7.300 milions de dispositius connectats, mentre que la m\u00e0 d\u2019obra evolucionar\u00e0 per donar lloc a una nova forma de com, on i quan operen les empreses\u201d<\/em>, explica Nick Dawson, director global d\u2019estrat\u00e8gia de Samsung Knox.<\/p>\n<\/blockquote>\n<p>Per\u00f2 l\u2019impacte anir\u00e0 m\u00e9s enll\u00e0, doncs sota aquestes circumst\u00e0ncies, els responsables de reclutar el personal buscaran en els candidats <strong>capacitats m\u00e9s humanes i menys t\u00e8cniques<\/strong>, com la intu\u00efci\u00f3 o el criteri.<\/p>\n<p>Amb tot aix\u00f2, en el marc d\u2019una \u201ceconomia oberta\u201d, les <a href=\"https:\/\/www.masvoz.cat\/blog\/blogoficines-intel%C2%B7ligents-com-les-noves-tecnologies-estan-transformant-les-empreses\/\">noves oficines<\/a> estaran caracteritzades pel seu car\u00e0cter obert i per comptar amb una plantilla de treballadors dispersa, que treballar\u00e0 remotament, des de qualsevol lloc i en qualsevol moment, a trav\u00e9s dels <strong>seus propis dispositius m\u00f2bils <\/strong>i de forma <strong>col\u00b7laborativa<\/strong>, amb unes altes i imprescindibles mesures de seguretat.<\/p>\n","protected":false},"excerpt":{"rendered":"<p>Els mercats caminen cap a una nova \u201ceconomia oberta\u201d que t\u00e9 com a fonaments i impulsos l\u2019augment del treball freelance i de la mobilitat a les empreses, l\u2019impacte de l\u2019aven\u00e7 de la intel\u00b7lig\u00e8ncia artificial, la integraci\u00f3 d\u2019startups a l\u2019estructura organitzativa de grans corporacions o tend\u00e8ncies a l\u2019al\u00e7a com BYOD. B\u00e0sicament estem parlant de mobilitat, i&#8230;  <a class=\"excerpt-read-more\" href=\"https:\/\/enreach.es\/ca\/blog\/mobilitat-i-seguretat-els-grans-reptes-les-empreses-digitals\/\" title=\"Read Mobilitat i seguretat, els grans reptes de les empreses digitals\">Read more &raquo;<\/a><\/p>\n","protected":false},"author":1,"featured_media":32877,"comment_status":"closed","ping_status":"open","sticky":false,"template":"","format":"standard","meta":{"_acf_changed":false,"content-type":"","footnotes":""},"categories":[2144],"tags":[],"class_list":["post-32876","post","type-post","status-publish","format-standard","has-post-thumbnail","hentry","category-comunicacions-al-nuvol"],"acf":[],"yoast_head":"<!-- This site is optimized with the Yoast SEO plugin v26.7 - https:\/\/yoast.com\/wordpress\/plugins\/seo\/ -->\n<title>Mobilitat i seguretat, els grans reptes de les empreses digitals - Enreach ES<\/title>\n<meta name=\"robots\" content=\"index, follow, max-snippet:-1, max-image-preview:large, max-video-preview:-1\" \/>\n<link rel=\"canonical\" href=\"https:\/\/enreach.es\/ca\/blog\/mobilitat-i-seguretat-els-grans-reptes-les-empreses-digitals\/\" \/>\n<meta property=\"og:locale\" content=\"ca_ES\" \/>\n<meta property=\"og:type\" content=\"article\" \/>\n<meta property=\"og:title\" content=\"Mobilitat i seguretat, els grans reptes de les empreses digitals - Enreach ES\" \/>\n<meta property=\"og:description\" content=\"Els mercats caminen cap a una nova \u201ceconomia oberta\u201d que t\u00e9 com a fonaments i impulsos l\u2019augment del treball freelance i de la mobilitat a les empreses, l\u2019impacte de l\u2019aven\u00e7 de la intel\u00b7lig\u00e8ncia artificial, la integraci\u00f3 d\u2019startups a l\u2019estructura organitzativa de grans corporacions o tend\u00e8ncies a l\u2019al\u00e7a com BYOD. B\u00e0sicament estem parlant de mobilitat, i... Read more &raquo;\" \/>\n<meta property=\"og:url\" content=\"https:\/\/enreach.es\/ca\/blog\/mobilitat-i-seguretat-els-grans-reptes-les-empreses-digitals\/\" \/>\n<meta property=\"og:site_name\" content=\"Enreach ES\" \/>\n<meta property=\"article:published_time\" content=\"2017-03-07T07:00:21+00:00\" \/>\n<meta property=\"article:modified_time\" content=\"2023-12-13T15:05:23+00:00\" \/>\n<meta property=\"og:image\" content=\"https:\/\/enreach.es\/wp-content\/uploads\/2022\/06\/46-oficina-970x630-7.jpg\" \/>\n\t<meta property=\"og:image:width\" content=\"970\" \/>\n\t<meta property=\"og:image:height\" content=\"630\" \/>\n\t<meta property=\"og:image:type\" content=\"image\/jpeg\" \/>\n<meta name=\"author\" content=\"Enreach\" \/>\n<meta name=\"twitter:card\" content=\"summary_large_image\" \/>\n<meta name=\"twitter:label1\" content=\"Escrit per\" \/>\n\t<meta name=\"twitter:data1\" content=\"Enreach\" \/>\n\t<meta name=\"twitter:label2\" content=\"Temps estimat de lectura\" \/>\n\t<meta name=\"twitter:data2\" content=\"3 minuts\" \/>\n<script type=\"application\/ld+json\" class=\"yoast-schema-graph\">{\"@context\":\"https:\/\/schema.org\",\"@graph\":[{\"@type\":\"Article\",\"@id\":\"https:\/\/enreach.es\/ca\/blog\/mobilitat-i-seguretat-els-grans-reptes-les-empreses-digitals\/#article\",\"isPartOf\":{\"@id\":\"https:\/\/enreach.es\/ca\/blog\/mobilitat-i-seguretat-els-grans-reptes-les-empreses-digitals\/\"},\"author\":{\"name\":\"Enreach\",\"@id\":\"https:\/\/enreach.es\/#\/schema\/person\/28954c3c2fff07efa64b14aae4e755e3\"},\"headline\":\"Mobilitat i seguretat, els grans reptes de les empreses digitals\",\"datePublished\":\"2017-03-07T07:00:21+00:00\",\"dateModified\":\"2023-12-13T15:05:23+00:00\",\"mainEntityOfPage\":{\"@id\":\"https:\/\/enreach.es\/ca\/blog\/mobilitat-i-seguretat-els-grans-reptes-les-empreses-digitals\/\"},\"wordCount\":571,\"image\":{\"@id\":\"https:\/\/enreach.es\/ca\/blog\/mobilitat-i-seguretat-els-grans-reptes-les-empreses-digitals\/#primaryimage\"},\"thumbnailUrl\":\"https:\/\/enreach.es\/wp-content\/uploads\/2022\/06\/46-oficina-970x630-7.jpg\",\"articleSection\":[\"Sistemes de telefonia empresarial\"],\"inLanguage\":\"ca\"},{\"@type\":\"WebPage\",\"@id\":\"https:\/\/enreach.es\/ca\/blog\/mobilitat-i-seguretat-els-grans-reptes-les-empreses-digitals\/\",\"url\":\"https:\/\/enreach.es\/ca\/blog\/mobilitat-i-seguretat-els-grans-reptes-les-empreses-digitals\/\",\"name\":\"Mobilitat i seguretat, els grans reptes de les empreses digitals - Enreach ES\",\"isPartOf\":{\"@id\":\"https:\/\/enreach.es\/#website\"},\"primaryImageOfPage\":{\"@id\":\"https:\/\/enreach.es\/ca\/blog\/mobilitat-i-seguretat-els-grans-reptes-les-empreses-digitals\/#primaryimage\"},\"image\":{\"@id\":\"https:\/\/enreach.es\/ca\/blog\/mobilitat-i-seguretat-els-grans-reptes-les-empreses-digitals\/#primaryimage\"},\"thumbnailUrl\":\"https:\/\/enreach.es\/wp-content\/uploads\/2022\/06\/46-oficina-970x630-7.jpg\",\"datePublished\":\"2017-03-07T07:00:21+00:00\",\"dateModified\":\"2023-12-13T15:05:23+00:00\",\"author\":{\"@id\":\"https:\/\/enreach.es\/#\/schema\/person\/28954c3c2fff07efa64b14aae4e755e3\"},\"breadcrumb\":{\"@id\":\"https:\/\/enreach.es\/ca\/blog\/mobilitat-i-seguretat-els-grans-reptes-les-empreses-digitals\/#breadcrumb\"},\"inLanguage\":\"ca\",\"potentialAction\":[{\"@type\":\"ReadAction\",\"target\":[\"https:\/\/enreach.es\/ca\/blog\/mobilitat-i-seguretat-els-grans-reptes-les-empreses-digitals\/\"]}]},{\"@type\":\"ImageObject\",\"inLanguage\":\"ca\",\"@id\":\"https:\/\/enreach.es\/ca\/blog\/mobilitat-i-seguretat-els-grans-reptes-les-empreses-digitals\/#primaryimage\",\"url\":\"https:\/\/enreach.es\/wp-content\/uploads\/2022\/06\/46-oficina-970x630-7.jpg\",\"contentUrl\":\"https:\/\/enreach.es\/wp-content\/uploads\/2022\/06\/46-oficina-970x630-7.jpg\",\"width\":970,\"height\":630},{\"@type\":\"BreadcrumbList\",\"@id\":\"https:\/\/enreach.es\/ca\/blog\/mobilitat-i-seguretat-els-grans-reptes-les-empreses-digitals\/#breadcrumb\",\"itemListElement\":[{\"@type\":\"ListItem\",\"position\":1,\"name\":\"Portada\",\"item\":\"https:\/\/enreach.es\/\"},{\"@type\":\"ListItem\",\"position\":2,\"name\":\"Mobilitat i seguretat, els grans reptes de les empreses digitals\"}]},{\"@type\":\"WebSite\",\"@id\":\"https:\/\/enreach.es\/#website\",\"url\":\"https:\/\/enreach.es\/\",\"name\":\"Enreach ES\",\"description\":\"\",\"potentialAction\":[{\"@type\":\"SearchAction\",\"target\":{\"@type\":\"EntryPoint\",\"urlTemplate\":\"https:\/\/enreach.es\/?s={search_term_string}\"},\"query-input\":{\"@type\":\"PropertyValueSpecification\",\"valueRequired\":true,\"valueName\":\"search_term_string\"}}],\"inLanguage\":\"ca\"},{\"@type\":\"Person\",\"@id\":\"https:\/\/enreach.es\/#\/schema\/person\/28954c3c2fff07efa64b14aae4e755e3\",\"name\":\"Enreach\",\"image\":{\"@type\":\"ImageObject\",\"inLanguage\":\"ca\",\"@id\":\"https:\/\/enreach.es\/#\/schema\/person\/image\/\",\"url\":\"https:\/\/secure.gravatar.com\/avatar\/6c3d6ca5b1fa750a1a92fe9d4ca0c2386fa0535da2b857d01c1bb3ccd2dfc207?s=96&d=mm&r=g\",\"contentUrl\":\"https:\/\/secure.gravatar.com\/avatar\/6c3d6ca5b1fa750a1a92fe9d4ca0c2386fa0535da2b857d01c1bb3ccd2dfc207?s=96&d=mm&r=g\",\"caption\":\"Enreach\"},\"sameAs\":[\"https:\/\/enreach.es\"],\"url\":\"https:\/\/enreach.es\/ca\/blog\/author\/mk-admin\/\"}]}<\/script>\n<!-- \/ Yoast SEO plugin. -->","yoast_head_json":{"title":"Mobilitat i seguretat, els grans reptes de les empreses digitals - Enreach ES","robots":{"index":"index","follow":"follow","max-snippet":"max-snippet:-1","max-image-preview":"max-image-preview:large","max-video-preview":"max-video-preview:-1"},"canonical":"https:\/\/enreach.es\/ca\/blog\/mobilitat-i-seguretat-els-grans-reptes-les-empreses-digitals\/","og_locale":"ca_ES","og_type":"article","og_title":"Mobilitat i seguretat, els grans reptes de les empreses digitals - Enreach ES","og_description":"Els mercats caminen cap a una nova \u201ceconomia oberta\u201d que t\u00e9 com a fonaments i impulsos l\u2019augment del treball freelance i de la mobilitat a les empreses, l\u2019impacte de l\u2019aven\u00e7 de la intel\u00b7lig\u00e8ncia artificial, la integraci\u00f3 d\u2019startups a l\u2019estructura organitzativa de grans corporacions o tend\u00e8ncies a l\u2019al\u00e7a com BYOD. B\u00e0sicament estem parlant de mobilitat, i... Read more &raquo;","og_url":"https:\/\/enreach.es\/ca\/blog\/mobilitat-i-seguretat-els-grans-reptes-les-empreses-digitals\/","og_site_name":"Enreach ES","article_published_time":"2017-03-07T07:00:21+00:00","article_modified_time":"2023-12-13T15:05:23+00:00","og_image":[{"width":970,"height":630,"url":"https:\/\/enreach.es\/wp-content\/uploads\/2022\/06\/46-oficina-970x630-7.jpg","type":"image\/jpeg"}],"author":"Enreach","twitter_card":"summary_large_image","twitter_misc":{"Escrit per":"Enreach","Temps estimat de lectura":"3 minuts"},"schema":{"@context":"https:\/\/schema.org","@graph":[{"@type":"Article","@id":"https:\/\/enreach.es\/ca\/blog\/mobilitat-i-seguretat-els-grans-reptes-les-empreses-digitals\/#article","isPartOf":{"@id":"https:\/\/enreach.es\/ca\/blog\/mobilitat-i-seguretat-els-grans-reptes-les-empreses-digitals\/"},"author":{"name":"Enreach","@id":"https:\/\/enreach.es\/#\/schema\/person\/28954c3c2fff07efa64b14aae4e755e3"},"headline":"Mobilitat i seguretat, els grans reptes de les empreses digitals","datePublished":"2017-03-07T07:00:21+00:00","dateModified":"2023-12-13T15:05:23+00:00","mainEntityOfPage":{"@id":"https:\/\/enreach.es\/ca\/blog\/mobilitat-i-seguretat-els-grans-reptes-les-empreses-digitals\/"},"wordCount":571,"image":{"@id":"https:\/\/enreach.es\/ca\/blog\/mobilitat-i-seguretat-els-grans-reptes-les-empreses-digitals\/#primaryimage"},"thumbnailUrl":"https:\/\/enreach.es\/wp-content\/uploads\/2022\/06\/46-oficina-970x630-7.jpg","articleSection":["Sistemes de telefonia empresarial"],"inLanguage":"ca"},{"@type":"WebPage","@id":"https:\/\/enreach.es\/ca\/blog\/mobilitat-i-seguretat-els-grans-reptes-les-empreses-digitals\/","url":"https:\/\/enreach.es\/ca\/blog\/mobilitat-i-seguretat-els-grans-reptes-les-empreses-digitals\/","name":"Mobilitat i seguretat, els grans reptes de les empreses digitals - Enreach ES","isPartOf":{"@id":"https:\/\/enreach.es\/#website"},"primaryImageOfPage":{"@id":"https:\/\/enreach.es\/ca\/blog\/mobilitat-i-seguretat-els-grans-reptes-les-empreses-digitals\/#primaryimage"},"image":{"@id":"https:\/\/enreach.es\/ca\/blog\/mobilitat-i-seguretat-els-grans-reptes-les-empreses-digitals\/#primaryimage"},"thumbnailUrl":"https:\/\/enreach.es\/wp-content\/uploads\/2022\/06\/46-oficina-970x630-7.jpg","datePublished":"2017-03-07T07:00:21+00:00","dateModified":"2023-12-13T15:05:23+00:00","author":{"@id":"https:\/\/enreach.es\/#\/schema\/person\/28954c3c2fff07efa64b14aae4e755e3"},"breadcrumb":{"@id":"https:\/\/enreach.es\/ca\/blog\/mobilitat-i-seguretat-els-grans-reptes-les-empreses-digitals\/#breadcrumb"},"inLanguage":"ca","potentialAction":[{"@type":"ReadAction","target":["https:\/\/enreach.es\/ca\/blog\/mobilitat-i-seguretat-els-grans-reptes-les-empreses-digitals\/"]}]},{"@type":"ImageObject","inLanguage":"ca","@id":"https:\/\/enreach.es\/ca\/blog\/mobilitat-i-seguretat-els-grans-reptes-les-empreses-digitals\/#primaryimage","url":"https:\/\/enreach.es\/wp-content\/uploads\/2022\/06\/46-oficina-970x630-7.jpg","contentUrl":"https:\/\/enreach.es\/wp-content\/uploads\/2022\/06\/46-oficina-970x630-7.jpg","width":970,"height":630},{"@type":"BreadcrumbList","@id":"https:\/\/enreach.es\/ca\/blog\/mobilitat-i-seguretat-els-grans-reptes-les-empreses-digitals\/#breadcrumb","itemListElement":[{"@type":"ListItem","position":1,"name":"Portada","item":"https:\/\/enreach.es\/"},{"@type":"ListItem","position":2,"name":"Mobilitat i seguretat, els grans reptes de les empreses digitals"}]},{"@type":"WebSite","@id":"https:\/\/enreach.es\/#website","url":"https:\/\/enreach.es\/","name":"Enreach ES","description":"","potentialAction":[{"@type":"SearchAction","target":{"@type":"EntryPoint","urlTemplate":"https:\/\/enreach.es\/?s={search_term_string}"},"query-input":{"@type":"PropertyValueSpecification","valueRequired":true,"valueName":"search_term_string"}}],"inLanguage":"ca"},{"@type":"Person","@id":"https:\/\/enreach.es\/#\/schema\/person\/28954c3c2fff07efa64b14aae4e755e3","name":"Enreach","image":{"@type":"ImageObject","inLanguage":"ca","@id":"https:\/\/enreach.es\/#\/schema\/person\/image\/","url":"https:\/\/secure.gravatar.com\/avatar\/6c3d6ca5b1fa750a1a92fe9d4ca0c2386fa0535da2b857d01c1bb3ccd2dfc207?s=96&d=mm&r=g","contentUrl":"https:\/\/secure.gravatar.com\/avatar\/6c3d6ca5b1fa750a1a92fe9d4ca0c2386fa0535da2b857d01c1bb3ccd2dfc207?s=96&d=mm&r=g","caption":"Enreach"},"sameAs":["https:\/\/enreach.es"],"url":"https:\/\/enreach.es\/ca\/blog\/author\/mk-admin\/"}]}},"_links":{"self":[{"href":"https:\/\/enreach.es\/ca\/wp-json\/wp\/v2\/posts\/32876","targetHints":{"allow":["GET"]}}],"collection":[{"href":"https:\/\/enreach.es\/ca\/wp-json\/wp\/v2\/posts"}],"about":[{"href":"https:\/\/enreach.es\/ca\/wp-json\/wp\/v2\/types\/post"}],"author":[{"embeddable":true,"href":"https:\/\/enreach.es\/ca\/wp-json\/wp\/v2\/users\/1"}],"replies":[{"embeddable":true,"href":"https:\/\/enreach.es\/ca\/wp-json\/wp\/v2\/comments?post=32876"}],"version-history":[{"count":1,"href":"https:\/\/enreach.es\/ca\/wp-json\/wp\/v2\/posts\/32876\/revisions"}],"predecessor-version":[{"id":46883,"href":"https:\/\/enreach.es\/ca\/wp-json\/wp\/v2\/posts\/32876\/revisions\/46883"}],"wp:featuredmedia":[{"embeddable":true,"href":"https:\/\/enreach.es\/ca\/wp-json\/wp\/v2\/media\/32877"}],"wp:attachment":[{"href":"https:\/\/enreach.es\/ca\/wp-json\/wp\/v2\/media?parent=32876"}],"wp:term":[{"taxonomy":"category","embeddable":true,"href":"https:\/\/enreach.es\/ca\/wp-json\/wp\/v2\/categories?post=32876"},{"taxonomy":"post_tag","embeddable":true,"href":"https:\/\/enreach.es\/ca\/wp-json\/wp\/v2\/tags?post=32876"}],"curies":[{"name":"wp","href":"https:\/\/api.w.org\/{rel}","templated":true}]}}