{"id":32961,"date":"2017-05-18T07:00:45","date_gmt":"2017-05-18T05:00:45","guid":{"rendered":"https:\/\/enreach.es\/blog\/blogrol-dels-empleats-la-transformacio-digital\/"},"modified":"2023-12-13T16:21:55","modified_gmt":"2023-12-13T15:21:55","slug":"blogrol-dels-empleats-la-transformacio-digital","status":"publish","type":"post","link":"https:\/\/enreach.es\/ca\/blog\/blogrol-dels-empleats-la-transformacio-digital\/","title":{"rendered":"El rol dels empleats en la transformaci\u00f3 digital"},"content":{"rendered":"<p>Un recent estudi elaborat per la firma PwC sota el t\u00edtol \u201cWork-life 3.0: Understanding How We\u2019ll Work Next\u201d, posa de manifest que, en aquest proc\u00e9s de transformaci\u00f3 digital iniciat per empreses de totes les mides i sectors, encara queda un llarg cam\u00ed per rec\u00f3rrer si el que es desitja \u00e9s aconseguir la m\u00e0xima productivitat i efici\u00e8ncia, incrementar la taxa de retenci\u00f3 dels empleats, etc.<\/p>\n<p>En aquest sentit, tot i que la majoria dels <strong>1.385 empleats enquestats<\/strong> afirma que els agrada la seva feina, el cert \u00e9s que sota aquesta afirmaci\u00f3 general s\u2019amaguen moltes discrep\u00e0ncies. Aix\u00ed, la gran majoria dels treballadors no d\u00f3na a la direcci\u00f3 de la seva empresa una alta puntuaci\u00f3, i encara que la meitat assegura buscar l\u2019<strong>equilibri entre el treball i la vida personal<\/strong>, nom\u00e9s el 34% confessa haver-ho aconseguit. D\u2019altra banda, nom\u00e9s el 36% considera que les seves opinions s\u00f3n tingudes en compte a la feina, i el mateix percentatge assegura sentir-se apreciat en el seu lloc de treball.<\/p>\n<p>Pel que fa al <strong>creixement personal i professional<\/strong>, molts es senten estancats a les seves feines: nom\u00e9s el 33% diu que ha tingut oportunitat per aprendre i cr\u00e9ixer en el seu lloc de treball durant l\u2019\u00faltim any.<\/p>\n<p>Com a resultat de l\u2019esmentat anteriorment, la lleialtat dels empleats es converteix en un factor d\u00e8bil i q\u00fcestionable. Tant \u00e9s aix\u00ed que tres de cada deu treballadors esperen canviar de feina dins dels propers sis mesos, i el 38% espera que aquest canvi tingui lloc durant el proper any.<\/p>\n<p>Aquestes xifres difereixen segons els grups d\u2019edat, ja que l\u2019estudi reflecteix que els treballadors m\u00e9s joves s\u00f3n m\u00e9s propensos a tenir actituds contr\u00e0ries a les dels seus caps: gaireb\u00e9 la meitat de la generaci\u00f3 Z i un ter\u00e7 dels <a href=\"https:\/\/www.masvoz.cat\/blog\/50-la-forca-treball-global-estara-mans-dels-millenials-2020\/\">Millennials<\/a> consideren probable o molt probable que canvi\u00efn de feina en els propers sis mesos, davant del 19% dels seus hom\u00f2legs s\u00e8niors.<\/p>\n<p>Aquestes difer\u00e8ncies s\u2019agreugen pel fet que els empresaris solen ser aliens a aquestes frustracions sentides pels empleats. Aix\u00ed, el 62% dels empresaris enquestats considera que la seva relaci\u00f3 amb els empleats \u00e9s \u201cuna associaci\u00f3 compromesa\u201d, mentre que els treballadors s\u00f3n m\u00e9s propensos a considerar aquesta relaci\u00f3 com un \u201cmatrimoni de conveni\u00e8ncia\u201d i una \u201camistat casual\u201d.<\/p>\n<p>En relaci\u00f3 a la <strong>disponibilitat de recursos<\/strong>, la meitat dels executius creu que els seus empleats compten amb els recursos necessaris per fer la seva feina, no obstant, nom\u00e9s el 39% dels treballadors est\u00e0 d\u2019acord amb aquesta afirmaci\u00f3.<\/p>\n<p>Aquest estudi tamb\u00e9 subratlla un altre aspecte, com menys curi\u00f3s: <strong>el 43% dels empleats de petites empreses afirma sentir-se feli\u00e7 a la seva feina<\/strong>, davant del 27% dels seus hom\u00f2legs en grans empreses.<\/p>\n<p>Quant a flexibilitat, tamb\u00e9 les petites empreses semblen prendre la davantera. Mentre que <strong>al 86% dels treballadors de grans empreses els agradaria <\/strong><a href=\"https:\/\/www.masvoz.cat\/blog\/mes-la-meitat-dels-empleats-treballaran-forma-remota-2020\/\"><strong>treballar des de casa<\/strong><\/a> un o m\u00e9s dies a la setmana, nom\u00e9s ho fa el 26%. Pel contrari, m\u00e9s de la meitat dels treballadors de petites empreses afirma gaudir d\u2019aquest benefici.<\/p>\n<p>D\u2019aquesta manera, el treball elaborat per <a href=\"https:\/\/www.pwc.com\/ee\/et\/publications\/pub\/pwc-consumer-intellgience-series-future-of-work-june-2016.pdf\">PwC<\/a> constitueix una valuosa font d\u2019informaci\u00f3 que posa de manifest la <strong>realitat del <\/strong><a href=\"https:\/\/www.masvoz.cat\/blog\/blogoficines-intel%C2%B7ligents-com-les-noves-tecnologies-estan-transformant-les-empreses\/\"><strong>treball digital<\/strong><\/a>, fent especial \u00e8mfasi en les distorsions actuals i marcant aix\u00ed el cam\u00ed que han de prendre les empreses per millorar.<\/p>\n","protected":false},"excerpt":{"rendered":"<p>Un recent estudi elaborat per la firma PwC sota el t\u00edtol \u201cWork-life 3.0: Understanding How We\u2019ll Work Next\u201d, posa de manifest que, en aquest proc\u00e9s de transformaci\u00f3 digital iniciat per empreses de totes les mides i sectors, encara queda un llarg cam\u00ed per rec\u00f3rrer si el que es desitja \u00e9s aconseguir la m\u00e0xima productivitat i&#8230;  <a class=\"excerpt-read-more\" href=\"https:\/\/enreach.es\/ca\/blog\/blogrol-dels-empleats-la-transformacio-digital\/\" title=\"Read El rol dels empleats en la transformaci\u00f3 digital\">Read more &raquo;<\/a><\/p>\n","protected":false},"author":1,"featured_media":27501,"comment_status":"closed","ping_status":"open","sticky":false,"template":"","format":"standard","meta":{"_acf_changed":false,"content-type":"","footnotes":""},"categories":[2146,1],"tags":[],"class_list":["post-32961","post","type-post","status-publish","format-standard","has-post-thumbnail","hentry","category-noticies","category-sin-categoria"],"acf":[],"yoast_head":"<!-- This site is optimized with the Yoast SEO plugin v26.7 - https:\/\/yoast.com\/wordpress\/plugins\/seo\/ -->\n<title>El rol dels empleats en la transformaci\u00f3 digital - Enreach ES<\/title>\n<meta name=\"robots\" content=\"index, follow, max-snippet:-1, max-image-preview:large, max-video-preview:-1\" \/>\n<link rel=\"canonical\" href=\"https:\/\/enreach.es\/ca\/blog\/blogrol-dels-empleats-la-transformacio-digital\/\" \/>\n<meta property=\"og:locale\" content=\"ca_ES\" \/>\n<meta property=\"og:type\" content=\"article\" \/>\n<meta property=\"og:title\" content=\"El rol dels empleats en la transformaci\u00f3 digital - Enreach ES\" \/>\n<meta property=\"og:description\" content=\"Un recent estudi elaborat per la firma PwC sota el t\u00edtol \u201cWork-life 3.0: Understanding How We\u2019ll Work Next\u201d, posa de manifest que, en aquest proc\u00e9s de transformaci\u00f3 digital iniciat per empreses de totes les mides i sectors, encara queda un llarg cam\u00ed per rec\u00f3rrer si el que es desitja \u00e9s aconseguir la m\u00e0xima productivitat i... Read more &raquo;\" \/>\n<meta property=\"og:url\" content=\"https:\/\/enreach.es\/ca\/blog\/blogrol-dels-empleats-la-transformacio-digital\/\" \/>\n<meta property=\"og:site_name\" content=\"Enreach ES\" \/>\n<meta property=\"article:published_time\" content=\"2017-05-18T05:00:45+00:00\" \/>\n<meta property=\"article:modified_time\" content=\"2023-12-13T15:21:55+00:00\" \/>\n<meta property=\"og:image\" content=\"https:\/\/enreach.es\/wp-content\/uploads\/2022\/06\/oficina-970x630-1.jpg\" \/>\n\t<meta property=\"og:image:width\" content=\"970\" \/>\n\t<meta property=\"og:image:height\" content=\"630\" \/>\n\t<meta property=\"og:image:type\" content=\"image\/jpeg\" \/>\n<meta name=\"author\" content=\"Enreach\" \/>\n<meta name=\"twitter:card\" content=\"summary_large_image\" \/>\n<meta name=\"twitter:label1\" content=\"Escrit per\" \/>\n\t<meta name=\"twitter:data1\" content=\"Enreach\" \/>\n\t<meta name=\"twitter:label2\" content=\"Temps estimat de lectura\" \/>\n\t<meta name=\"twitter:data2\" content=\"3 minuts\" \/>\n<script type=\"application\/ld+json\" class=\"yoast-schema-graph\">{\"@context\":\"https:\/\/schema.org\",\"@graph\":[{\"@type\":\"Article\",\"@id\":\"https:\/\/enreach.es\/ca\/blog\/blogrol-dels-empleats-la-transformacio-digital\/#article\",\"isPartOf\":{\"@id\":\"https:\/\/enreach.es\/ca\/blog\/blogrol-dels-empleats-la-transformacio-digital\/\"},\"author\":{\"name\":\"Enreach\",\"@id\":\"https:\/\/enreach.es\/#\/schema\/person\/28954c3c2fff07efa64b14aae4e755e3\"},\"headline\":\"El rol dels empleats en la transformaci\u00f3 digital\",\"datePublished\":\"2017-05-18T05:00:45+00:00\",\"dateModified\":\"2023-12-13T15:21:55+00:00\",\"mainEntityOfPage\":{\"@id\":\"https:\/\/enreach.es\/ca\/blog\/blogrol-dels-empleats-la-transformacio-digital\/\"},\"wordCount\":569,\"image\":{\"@id\":\"https:\/\/enreach.es\/ca\/blog\/blogrol-dels-empleats-la-transformacio-digital\/#primaryimage\"},\"thumbnailUrl\":\"https:\/\/enreach.es\/wp-content\/uploads\/2022\/06\/oficina-970x630-1.jpg\",\"articleSection\":[\"Not\u00edcies\",\"Otros\"],\"inLanguage\":\"ca\"},{\"@type\":\"WebPage\",\"@id\":\"https:\/\/enreach.es\/ca\/blog\/blogrol-dels-empleats-la-transformacio-digital\/\",\"url\":\"https:\/\/enreach.es\/ca\/blog\/blogrol-dels-empleats-la-transformacio-digital\/\",\"name\":\"El rol dels empleats en la transformaci\u00f3 digital - Enreach ES\",\"isPartOf\":{\"@id\":\"https:\/\/enreach.es\/#website\"},\"primaryImageOfPage\":{\"@id\":\"https:\/\/enreach.es\/ca\/blog\/blogrol-dels-empleats-la-transformacio-digital\/#primaryimage\"},\"image\":{\"@id\":\"https:\/\/enreach.es\/ca\/blog\/blogrol-dels-empleats-la-transformacio-digital\/#primaryimage\"},\"thumbnailUrl\":\"https:\/\/enreach.es\/wp-content\/uploads\/2022\/06\/oficina-970x630-1.jpg\",\"datePublished\":\"2017-05-18T05:00:45+00:00\",\"dateModified\":\"2023-12-13T15:21:55+00:00\",\"author\":{\"@id\":\"https:\/\/enreach.es\/#\/schema\/person\/28954c3c2fff07efa64b14aae4e755e3\"},\"breadcrumb\":{\"@id\":\"https:\/\/enreach.es\/ca\/blog\/blogrol-dels-empleats-la-transformacio-digital\/#breadcrumb\"},\"inLanguage\":\"ca\",\"potentialAction\":[{\"@type\":\"ReadAction\",\"target\":[\"https:\/\/enreach.es\/ca\/blog\/blogrol-dels-empleats-la-transformacio-digital\/\"]}]},{\"@type\":\"ImageObject\",\"inLanguage\":\"ca\",\"@id\":\"https:\/\/enreach.es\/ca\/blog\/blogrol-dels-empleats-la-transformacio-digital\/#primaryimage\",\"url\":\"https:\/\/enreach.es\/wp-content\/uploads\/2022\/06\/oficina-970x630-1.jpg\",\"contentUrl\":\"https:\/\/enreach.es\/wp-content\/uploads\/2022\/06\/oficina-970x630-1.jpg\",\"width\":970,\"height\":630},{\"@type\":\"BreadcrumbList\",\"@id\":\"https:\/\/enreach.es\/ca\/blog\/blogrol-dels-empleats-la-transformacio-digital\/#breadcrumb\",\"itemListElement\":[{\"@type\":\"ListItem\",\"position\":1,\"name\":\"Portada\",\"item\":\"https:\/\/enreach.es\/\"},{\"@type\":\"ListItem\",\"position\":2,\"name\":\"El rol dels empleats en la transformaci\u00f3 digital\"}]},{\"@type\":\"WebSite\",\"@id\":\"https:\/\/enreach.es\/#website\",\"url\":\"https:\/\/enreach.es\/\",\"name\":\"Enreach ES\",\"description\":\"\",\"potentialAction\":[{\"@type\":\"SearchAction\",\"target\":{\"@type\":\"EntryPoint\",\"urlTemplate\":\"https:\/\/enreach.es\/?s={search_term_string}\"},\"query-input\":{\"@type\":\"PropertyValueSpecification\",\"valueRequired\":true,\"valueName\":\"search_term_string\"}}],\"inLanguage\":\"ca\"},{\"@type\":\"Person\",\"@id\":\"https:\/\/enreach.es\/#\/schema\/person\/28954c3c2fff07efa64b14aae4e755e3\",\"name\":\"Enreach\",\"image\":{\"@type\":\"ImageObject\",\"inLanguage\":\"ca\",\"@id\":\"https:\/\/enreach.es\/#\/schema\/person\/image\/\",\"url\":\"https:\/\/secure.gravatar.com\/avatar\/6c3d6ca5b1fa750a1a92fe9d4ca0c2386fa0535da2b857d01c1bb3ccd2dfc207?s=96&d=mm&r=g\",\"contentUrl\":\"https:\/\/secure.gravatar.com\/avatar\/6c3d6ca5b1fa750a1a92fe9d4ca0c2386fa0535da2b857d01c1bb3ccd2dfc207?s=96&d=mm&r=g\",\"caption\":\"Enreach\"},\"sameAs\":[\"https:\/\/enreach.es\"],\"url\":\"https:\/\/enreach.es\/ca\/blog\/author\/mk-admin\/\"}]}<\/script>\n<!-- \/ Yoast SEO plugin. -->","yoast_head_json":{"title":"El rol dels empleats en la transformaci\u00f3 digital - Enreach ES","robots":{"index":"index","follow":"follow","max-snippet":"max-snippet:-1","max-image-preview":"max-image-preview:large","max-video-preview":"max-video-preview:-1"},"canonical":"https:\/\/enreach.es\/ca\/blog\/blogrol-dels-empleats-la-transformacio-digital\/","og_locale":"ca_ES","og_type":"article","og_title":"El rol dels empleats en la transformaci\u00f3 digital - Enreach ES","og_description":"Un recent estudi elaborat per la firma PwC sota el t\u00edtol \u201cWork-life 3.0: Understanding How We\u2019ll Work Next\u201d, posa de manifest que, en aquest proc\u00e9s de transformaci\u00f3 digital iniciat per empreses de totes les mides i sectors, encara queda un llarg cam\u00ed per rec\u00f3rrer si el que es desitja \u00e9s aconseguir la m\u00e0xima productivitat i... Read more &raquo;","og_url":"https:\/\/enreach.es\/ca\/blog\/blogrol-dels-empleats-la-transformacio-digital\/","og_site_name":"Enreach ES","article_published_time":"2017-05-18T05:00:45+00:00","article_modified_time":"2023-12-13T15:21:55+00:00","og_image":[{"width":970,"height":630,"url":"https:\/\/enreach.es\/wp-content\/uploads\/2022\/06\/oficina-970x630-1.jpg","type":"image\/jpeg"}],"author":"Enreach","twitter_card":"summary_large_image","twitter_misc":{"Escrit per":"Enreach","Temps estimat de lectura":"3 minuts"},"schema":{"@context":"https:\/\/schema.org","@graph":[{"@type":"Article","@id":"https:\/\/enreach.es\/ca\/blog\/blogrol-dels-empleats-la-transformacio-digital\/#article","isPartOf":{"@id":"https:\/\/enreach.es\/ca\/blog\/blogrol-dels-empleats-la-transformacio-digital\/"},"author":{"name":"Enreach","@id":"https:\/\/enreach.es\/#\/schema\/person\/28954c3c2fff07efa64b14aae4e755e3"},"headline":"El rol dels empleats en la transformaci\u00f3 digital","datePublished":"2017-05-18T05:00:45+00:00","dateModified":"2023-12-13T15:21:55+00:00","mainEntityOfPage":{"@id":"https:\/\/enreach.es\/ca\/blog\/blogrol-dels-empleats-la-transformacio-digital\/"},"wordCount":569,"image":{"@id":"https:\/\/enreach.es\/ca\/blog\/blogrol-dels-empleats-la-transformacio-digital\/#primaryimage"},"thumbnailUrl":"https:\/\/enreach.es\/wp-content\/uploads\/2022\/06\/oficina-970x630-1.jpg","articleSection":["Not\u00edcies","Otros"],"inLanguage":"ca"},{"@type":"WebPage","@id":"https:\/\/enreach.es\/ca\/blog\/blogrol-dels-empleats-la-transformacio-digital\/","url":"https:\/\/enreach.es\/ca\/blog\/blogrol-dels-empleats-la-transformacio-digital\/","name":"El rol dels empleats en la transformaci\u00f3 digital - Enreach ES","isPartOf":{"@id":"https:\/\/enreach.es\/#website"},"primaryImageOfPage":{"@id":"https:\/\/enreach.es\/ca\/blog\/blogrol-dels-empleats-la-transformacio-digital\/#primaryimage"},"image":{"@id":"https:\/\/enreach.es\/ca\/blog\/blogrol-dels-empleats-la-transformacio-digital\/#primaryimage"},"thumbnailUrl":"https:\/\/enreach.es\/wp-content\/uploads\/2022\/06\/oficina-970x630-1.jpg","datePublished":"2017-05-18T05:00:45+00:00","dateModified":"2023-12-13T15:21:55+00:00","author":{"@id":"https:\/\/enreach.es\/#\/schema\/person\/28954c3c2fff07efa64b14aae4e755e3"},"breadcrumb":{"@id":"https:\/\/enreach.es\/ca\/blog\/blogrol-dels-empleats-la-transformacio-digital\/#breadcrumb"},"inLanguage":"ca","potentialAction":[{"@type":"ReadAction","target":["https:\/\/enreach.es\/ca\/blog\/blogrol-dels-empleats-la-transformacio-digital\/"]}]},{"@type":"ImageObject","inLanguage":"ca","@id":"https:\/\/enreach.es\/ca\/blog\/blogrol-dels-empleats-la-transformacio-digital\/#primaryimage","url":"https:\/\/enreach.es\/wp-content\/uploads\/2022\/06\/oficina-970x630-1.jpg","contentUrl":"https:\/\/enreach.es\/wp-content\/uploads\/2022\/06\/oficina-970x630-1.jpg","width":970,"height":630},{"@type":"BreadcrumbList","@id":"https:\/\/enreach.es\/ca\/blog\/blogrol-dels-empleats-la-transformacio-digital\/#breadcrumb","itemListElement":[{"@type":"ListItem","position":1,"name":"Portada","item":"https:\/\/enreach.es\/"},{"@type":"ListItem","position":2,"name":"El rol dels empleats en la transformaci\u00f3 digital"}]},{"@type":"WebSite","@id":"https:\/\/enreach.es\/#website","url":"https:\/\/enreach.es\/","name":"Enreach ES","description":"","potentialAction":[{"@type":"SearchAction","target":{"@type":"EntryPoint","urlTemplate":"https:\/\/enreach.es\/?s={search_term_string}"},"query-input":{"@type":"PropertyValueSpecification","valueRequired":true,"valueName":"search_term_string"}}],"inLanguage":"ca"},{"@type":"Person","@id":"https:\/\/enreach.es\/#\/schema\/person\/28954c3c2fff07efa64b14aae4e755e3","name":"Enreach","image":{"@type":"ImageObject","inLanguage":"ca","@id":"https:\/\/enreach.es\/#\/schema\/person\/image\/","url":"https:\/\/secure.gravatar.com\/avatar\/6c3d6ca5b1fa750a1a92fe9d4ca0c2386fa0535da2b857d01c1bb3ccd2dfc207?s=96&d=mm&r=g","contentUrl":"https:\/\/secure.gravatar.com\/avatar\/6c3d6ca5b1fa750a1a92fe9d4ca0c2386fa0535da2b857d01c1bb3ccd2dfc207?s=96&d=mm&r=g","caption":"Enreach"},"sameAs":["https:\/\/enreach.es"],"url":"https:\/\/enreach.es\/ca\/blog\/author\/mk-admin\/"}]}},"_links":{"self":[{"href":"https:\/\/enreach.es\/ca\/wp-json\/wp\/v2\/posts\/32961","targetHints":{"allow":["GET"]}}],"collection":[{"href":"https:\/\/enreach.es\/ca\/wp-json\/wp\/v2\/posts"}],"about":[{"href":"https:\/\/enreach.es\/ca\/wp-json\/wp\/v2\/types\/post"}],"author":[{"embeddable":true,"href":"https:\/\/enreach.es\/ca\/wp-json\/wp\/v2\/users\/1"}],"replies":[{"embeddable":true,"href":"https:\/\/enreach.es\/ca\/wp-json\/wp\/v2\/comments?post=32961"}],"version-history":[{"count":1,"href":"https:\/\/enreach.es\/ca\/wp-json\/wp\/v2\/posts\/32961\/revisions"}],"predecessor-version":[{"id":46947,"href":"https:\/\/enreach.es\/ca\/wp-json\/wp\/v2\/posts\/32961\/revisions\/46947"}],"wp:featuredmedia":[{"embeddable":true,"href":"https:\/\/enreach.es\/ca\/wp-json\/wp\/v2\/media\/27501"}],"wp:attachment":[{"href":"https:\/\/enreach.es\/ca\/wp-json\/wp\/v2\/media?parent=32961"}],"wp:term":[{"taxonomy":"category","embeddable":true,"href":"https:\/\/enreach.es\/ca\/wp-json\/wp\/v2\/categories?post=32961"},{"taxonomy":"post_tag","embeddable":true,"href":"https:\/\/enreach.es\/ca\/wp-json\/wp\/v2\/tags?post=32961"}],"curies":[{"name":"wp","href":"https:\/\/api.w.org\/{rel}","templated":true}]}}