{"id":43610,"date":"2023-08-01T07:00:37","date_gmt":"2023-08-01T05:00:37","guid":{"rendered":"https:\/\/enreach.es\/?p=43610"},"modified":"2023-12-13T15:32:37","modified_gmt":"2023-12-13T14:32:37","slug":"9-beneficis-de-workation-lultima-tendencia-per-a-lequilibri-entre-el-treball-i-la-vida-personal","status":"publish","type":"post","link":"https:\/\/enreach.es\/ca\/blog\/9-beneficis-de-workation-lultima-tendencia-per-a-lequilibri-entre-el-treball-i-la-vida-personal\/","title":{"rendered":"9 beneficis de \u2018Workation\u2019: l\u2019\u00faltima tend\u00e8ncia per a l\u2019equilibri entre el treball i la vida personal"},"content":{"rendered":"<p>\u2018Workation\u2019 \u00e9s una combinaci\u00f3 de treball remot i vacances, que va sorgir naturalment com a conseq\u00fc\u00e8ncia de la prevalen\u00e7a del treball remot. \u00c9s el teletreball el que ens proporciona mobilitat i flexibilitat. Els beneficis d\u2019aquesta tend\u00e8ncia animen cada cop m\u00e9s a les empreses i empleats a implementar-la. Esbrinem, per qu\u00e8!<\/p>\n<h3><strong>Els 9 principals beneficis de \u2018Workation\u2019<\/strong><\/h3>\n<h3><strong>1) Impacte positiu en la salut mental dels empleats<\/strong><\/h3>\n<p>Un canvi d\u2019entorn t\u00e9 un gran impacte en el benestar d\u2019un empleat. No es tracta nom\u00e9s del lloc f\u00edsic en qu\u00e8 es troben, sin\u00f3 tamb\u00e9 de les oportunitats que els ofereix l\u2019\u00e0rea circumdant. <strong>Les noves sensacions i experi\u00e8ncies brinden als treballadors un millor estat d\u2019\u00e0nim, beneficiant tamb\u00e9 a la seva productivitat<\/strong>. El sol, la platja, la muntanya, o simplement el fet d\u2019estar en un lloc nou permet als empleats relaxar-se m\u00e9s r\u00e0pid i alliberar endorfines.<\/p>\n<h3><strong>2) Impacte positiu en la salut f\u00edsica dels empleats<\/strong><\/h3>\n<p>\u2018Workation\u2019 fomenta una major activitat, el que inclou fer descansos m\u00e9s freq\u00fcents durant el treball. En lloc d\u2019anar a prendre un caf\u00e8 o descansar al sof\u00e0, l\u2019empleat escull formes m\u00e9s actives de passar el seu temps lliure. Aix\u00f2 pot ser un simple passeig combinat amb turisme, nedar en el mar i, de vegades, fins i tot, esports extrems. <strong>El moviment, l\u2019esfor\u00e7 f\u00edsic i l\u2019oxigenaci\u00f3 del cos equivalen, en conseq\u00fc\u00e8ncia, a la reducci\u00f3 de l\u2019estr\u00e8s, millor benestar i prevenci\u00f3 de la salut f\u00edsica<\/strong>.<\/p>\n<h3><strong>3) Con\u00e8ixer nous llocs i persones<\/strong><\/h3>\n<p>Visitar nous llocs i aprendre sobre noves cultures i persones desenvolupa el nostre intel\u00b7lecte. <strong>Fomentar el desenvolupament dels empleats i ampliar els horitzons mentals pot ser una part important de la cultura organitzacional<\/strong>. Amb aquest enfocament, es d\u00f3na a l\u2019empleat l\u2019oportunitat de desenvolupar el seu coneixement no nom\u00e9s com a tal sin\u00f3 com a persona. Aix\u00f2 l\u2019obre a noves experi\u00e8ncies i el prepara per nous reptes.<\/p>\n<h3><strong>4) Trencar la rutina di\u00e0ria<\/strong><\/h3>\n<p>La rutina di\u00e0ria condueix a l\u2019avorriment amb el temps. Per aix\u00f2 \u00e9s una bona idea enriquir-la de tant en tant, encara que sigui fent un viatge curt, anant a la platja o visitant un restaurant diferent a l\u2019habitual durant un descans per dinar. <strong>Enriquir la nostra vida di\u00e0ria amb noves activitats ajudar\u00e0 no nom\u00e9s a relaxar el nostre cos sin\u00f3 tamb\u00e9 la nostra ment<\/strong>.<\/p>\n<h3><strong>5) Major productivitat<\/strong><\/h3>\n<p>\u00c9s molt probable que els empleats tinguin menys responsabilitats dom\u00e8stiques, compromisos i d\u2019altres distraccions durant el treball. A m\u00e9s, <strong>al voler passar la major part del seu temps lliure lluny del seu port\u00e0til, realitzen les seves tasques de manera m\u00e9s eficient, no perden temps i estan m\u00e9s motivats per completar-les r\u00e0pidament<\/strong>.<\/p>\n<h3><strong>6) Millor organitzaci\u00f3 del treball<\/strong><\/h3>\n<p>La visi\u00f3 de passar una tarda a la platja o explorar llocs interesants motiva un major enfocament en les responsabilitats en el temps assignat. <strong>Al dedicar temps a les tasques relacionades amb el treball, pot mobilitzar-se millor per completar-les<\/strong>.<\/p>\n<h3><strong>7) Major qualitat del treball<\/strong><\/h3>\n<p>Un cos relaxat equival a una ment relaxada, que es torna m\u00e9s creativa i productiva. Agregar varietat a les nostres vides fent un viatge a un lloc desconegut o molt estimat ens permet relaxar-nos millor. I aix\u00f2 t\u00e9 un impacte incre\u00efble en el treball. <strong>Ens resulta m\u00e9s f\u00e0cil concentrar-nos, pensar en el que estem fent, prioritzar i tamb\u00e9 cuidar les relacions amb els altres<\/strong>.<\/p>\n<h3><strong>8) Major satisfacci\u00f3 laboral<\/strong><\/h3>\n<p>La flexibilitat laboral \u00e9s cada cop m\u00e9s apreciada pels empleats, aquells que <strong>volen tenir la llibertat d\u2019escollir des d\u2019on treballar <\/strong>per decidir per si mateixos que dem\u00e0 volen estar en un lloc diferent al d\u2019avui. Sense aquesta opci\u00f3, poden estar menys motivats i fins i tot buscar una empresa que els hi doni aquesta oportunitat.<\/p>\n<h3><strong>9) Manteniment de la continu\u00eftat del treball<\/strong><\/h3>\n<p><strong>\u2018Workation\u2019<\/strong> funcionar\u00e0 cada cop que unes vacances \u201cnormals\u201d no siguin possibles per qualsevol motiu. <strong>\u00c9s la millor soluci\u00f3 quan un empleat necessita absentar-se almenys durant un temps per\u00f2 encara necessita complir els seus compromisos a la feina<\/strong>.<\/p>\n<p>La <a href=\"https:\/\/enreach.es\/movil-empresa\/centralita-movil\/\"><strong>Centraleta M\u00f2bil d\u2019Enreach<\/strong><\/a>, a m\u00e9s de funcionar amb m\u00f2bils, permet als empleats treballar des de qualsevol lloc:<\/p>\n<ul style=\"list-style-type: disc;\">\n<li>Les trucades que reps a la centraleta s\u2019envien als m\u00f2bils per a qu\u00e8 puguis respondre trucades des de qualsevol lloc. Fins i tot podr\u00e0s passar trucades a l\u2019oficina.<\/li>\n<li>Oblida\u2019t de configuracions d\u2019equips, nom\u00e9s haur\u00e0s d\u2019introduir les SIM en el m\u00f2bil. Cadascuna inclou trucades il\u00b7limitades, dades i extensi\u00f3 de la centraleta.<\/li>\n<li>Les l\u00ednies m\u00f2bils no utilitzen ni Internet ni apps per a les trucades, aix\u00ed que t\u2019assegures de la millor qualitat en tot moment, en qualsevol lloc.<\/li>\n<li>Enreach elabora el teu pla a mida.<\/li>\n<\/ul>\n","protected":false},"excerpt":{"rendered":"<p>\u2018Workation\u2019 \u00e9s una combinaci\u00f3 de treball remot i vacances, que va sorgir naturalment com a conseq\u00fc\u00e8ncia de la prevalen\u00e7a del treball remot. \u00c9s el teletreball el que ens proporciona mobilitat i flexibilitat. Els beneficis d\u2019aquesta tend\u00e8ncia animen cada cop m\u00e9s a les empreses i empleats a implementar-la. Esbrinem, per qu\u00e8! Els 9 principals beneficis de&#8230;  <a class=\"excerpt-read-more\" href=\"https:\/\/enreach.es\/ca\/blog\/9-beneficis-de-workation-lultima-tendencia-per-a-lequilibri-entre-el-treball-i-la-vida-personal\/\" title=\"Read 9 beneficis de \u2018Workation\u2019: l\u2019\u00faltima tend\u00e8ncia per a l\u2019equilibri entre el treball i la vida personal\">Read more &raquo;<\/a><\/p>\n","protected":false},"author":7,"featured_media":43611,"comment_status":"closed","ping_status":"open","sticky":false,"template":"","format":"standard","meta":{"_acf_changed":false,"content-type":"","footnotes":""},"categories":[2146],"tags":[4942,4944,4945,4947,3537,4943,4317,4946,4948,3336,3425,3155,4879],"class_list":["post-43610","post","type-post","status-publish","format-standard","has-post-thumbnail","hentry","category-noticies","tag-beneficis","tag-benestar-fisic","tag-benestar-mental","tag-compliment-de-tasques","tag-eficiencia-ca","tag-major-productivitat","tag-mobilitat","tag-organitzacio-del-temps","tag-qualitat-del-treball","tag-satisfaccio-laboral","tag-teletreball","tag-treball-remot","tag-workation-ca"],"acf":[],"yoast_head":"<!-- This site is optimized with the Yoast SEO plugin v26.7 - https:\/\/yoast.com\/wordpress\/plugins\/seo\/ -->\n<title>9 beneficis de \u2018Workation\u2019: l\u2019\u00faltima tend\u00e8ncia per a l\u2019equilibri entre el treball i la vida personal - Enreach ES<\/title>\n<meta name=\"description\" content=\"\u2018Workation\u2019 \u00e9s la millor soluci\u00f3 quan un empleat s\u2019absenta durant un temps per\u00f2 encara necessita complir els seus compromisos en el treball.\" \/>\n<meta name=\"robots\" content=\"index, follow, max-snippet:-1, max-image-preview:large, max-video-preview:-1\" \/>\n<link rel=\"canonical\" href=\"https:\/\/enreach.es\/ca\/blog\/9-beneficis-de-workation-lultima-tendencia-per-a-lequilibri-entre-el-treball-i-la-vida-personal\/\" \/>\n<meta property=\"og:locale\" content=\"ca_ES\" \/>\n<meta property=\"og:type\" content=\"article\" \/>\n<meta property=\"og:title\" content=\"9 beneficis de \u2018Workation\u2019: l\u2019\u00faltima tend\u00e8ncia per a l\u2019equilibri entre el treball i la vida personal - Enreach ES\" \/>\n<meta property=\"og:description\" content=\"\u2018Workation\u2019 \u00e9s la millor soluci\u00f3 quan un empleat s\u2019absenta durant un temps per\u00f2 encara necessita complir els seus compromisos en el treball.\" \/>\n<meta property=\"og:url\" content=\"https:\/\/enreach.es\/ca\/blog\/9-beneficis-de-workation-lultima-tendencia-per-a-lequilibri-entre-el-treball-i-la-vida-personal\/\" \/>\n<meta property=\"og:site_name\" content=\"Enreach ES\" \/>\n<meta property=\"article:published_time\" content=\"2023-08-01T05:00:37+00:00\" \/>\n<meta property=\"article:modified_time\" content=\"2023-12-13T14:32:37+00:00\" \/>\n<meta property=\"og:image\" content=\"https:\/\/enreach.es\/wp-content\/uploads\/2023\/08\/imagen-post01-010823-CAS.jpg\" \/>\n\t<meta property=\"og:image:width\" content=\"970\" \/>\n\t<meta property=\"og:image:height\" content=\"648\" \/>\n\t<meta property=\"og:image:type\" content=\"image\/jpeg\" \/>\n<meta name=\"author\" content=\"Product User\" \/>\n<meta name=\"twitter:card\" content=\"summary_large_image\" \/>\n<meta name=\"twitter:label1\" content=\"Escrit per\" \/>\n\t<meta name=\"twitter:data1\" content=\"Product User\" \/>\n\t<meta name=\"twitter:label2\" content=\"Temps estimat de lectura\" \/>\n\t<meta name=\"twitter:data2\" content=\"4 minuts\" \/>\n<script type=\"application\/ld+json\" class=\"yoast-schema-graph\">{\"@context\":\"https:\/\/schema.org\",\"@graph\":[{\"@type\":\"Article\",\"@id\":\"https:\/\/enreach.es\/ca\/blog\/9-beneficis-de-workation-lultima-tendencia-per-a-lequilibri-entre-el-treball-i-la-vida-personal\/#article\",\"isPartOf\":{\"@id\":\"https:\/\/enreach.es\/ca\/blog\/9-beneficis-de-workation-lultima-tendencia-per-a-lequilibri-entre-el-treball-i-la-vida-personal\/\"},\"author\":{\"name\":\"Product User\",\"@id\":\"https:\/\/enreach.es\/#\/schema\/person\/9abaa98deb451f01dbd96307250590b4\"},\"headline\":\"9 beneficis de \u2018Workation\u2019: l\u2019\u00faltima tend\u00e8ncia per a l\u2019equilibri entre el treball i la vida personal\",\"datePublished\":\"2023-08-01T05:00:37+00:00\",\"dateModified\":\"2023-12-13T14:32:37+00:00\",\"mainEntityOfPage\":{\"@id\":\"https:\/\/enreach.es\/ca\/blog\/9-beneficis-de-workation-lultima-tendencia-per-a-lequilibri-entre-el-treball-i-la-vida-personal\/\"},\"wordCount\":827,\"image\":{\"@id\":\"https:\/\/enreach.es\/ca\/blog\/9-beneficis-de-workation-lultima-tendencia-per-a-lequilibri-entre-el-treball-i-la-vida-personal\/#primaryimage\"},\"thumbnailUrl\":\"https:\/\/enreach.es\/wp-content\/uploads\/2023\/08\/imagen-post01-010823-CAS.jpg\",\"keywords\":[\"beneficis\",\"benestar f\u00edsic\",\"benestar mental\",\"compliment de tasques\",\"eficiencia\",\"major productivitat\",\"mobilitat\",\"organitzaci\u00f3 del temps\",\"qualitat del treball\",\"satisfacci\u00f3 laboral\",\"teletreball\",\"treball remot\",\"workation\"],\"articleSection\":[\"Not\u00edcies\"],\"inLanguage\":\"ca\"},{\"@type\":\"WebPage\",\"@id\":\"https:\/\/enreach.es\/ca\/blog\/9-beneficis-de-workation-lultima-tendencia-per-a-lequilibri-entre-el-treball-i-la-vida-personal\/\",\"url\":\"https:\/\/enreach.es\/ca\/blog\/9-beneficis-de-workation-lultima-tendencia-per-a-lequilibri-entre-el-treball-i-la-vida-personal\/\",\"name\":\"9 beneficis de \u2018Workation\u2019: l\u2019\u00faltima tend\u00e8ncia per a l\u2019equilibri entre el treball i la vida personal - Enreach ES\",\"isPartOf\":{\"@id\":\"https:\/\/enreach.es\/#website\"},\"primaryImageOfPage\":{\"@id\":\"https:\/\/enreach.es\/ca\/blog\/9-beneficis-de-workation-lultima-tendencia-per-a-lequilibri-entre-el-treball-i-la-vida-personal\/#primaryimage\"},\"image\":{\"@id\":\"https:\/\/enreach.es\/ca\/blog\/9-beneficis-de-workation-lultima-tendencia-per-a-lequilibri-entre-el-treball-i-la-vida-personal\/#primaryimage\"},\"thumbnailUrl\":\"https:\/\/enreach.es\/wp-content\/uploads\/2023\/08\/imagen-post01-010823-CAS.jpg\",\"datePublished\":\"2023-08-01T05:00:37+00:00\",\"dateModified\":\"2023-12-13T14:32:37+00:00\",\"author\":{\"@id\":\"https:\/\/enreach.es\/#\/schema\/person\/9abaa98deb451f01dbd96307250590b4\"},\"description\":\"\u2018Workation\u2019 \u00e9s la millor soluci\u00f3 quan un empleat s\u2019absenta durant un temps per\u00f2 encara necessita complir els seus compromisos en el treball.\",\"breadcrumb\":{\"@id\":\"https:\/\/enreach.es\/ca\/blog\/9-beneficis-de-workation-lultima-tendencia-per-a-lequilibri-entre-el-treball-i-la-vida-personal\/#breadcrumb\"},\"inLanguage\":\"ca\",\"potentialAction\":[{\"@type\":\"ReadAction\",\"target\":[\"https:\/\/enreach.es\/ca\/blog\/9-beneficis-de-workation-lultima-tendencia-per-a-lequilibri-entre-el-treball-i-la-vida-personal\/\"]}]},{\"@type\":\"ImageObject\",\"inLanguage\":\"ca\",\"@id\":\"https:\/\/enreach.es\/ca\/blog\/9-beneficis-de-workation-lultima-tendencia-per-a-lequilibri-entre-el-treball-i-la-vida-personal\/#primaryimage\",\"url\":\"https:\/\/enreach.es\/wp-content\/uploads\/2023\/08\/imagen-post01-010823-CAS.jpg\",\"contentUrl\":\"https:\/\/enreach.es\/wp-content\/uploads\/2023\/08\/imagen-post01-010823-CAS.jpg\",\"width\":970,\"height\":648,\"caption\":\"9 beneficis de \u2018Workation\u2019: l\u2019\u00faltima tend\u00e8ncia per a l\u2019equilibri entre el treball i la vida personal\"},{\"@type\":\"BreadcrumbList\",\"@id\":\"https:\/\/enreach.es\/ca\/blog\/9-beneficis-de-workation-lultima-tendencia-per-a-lequilibri-entre-el-treball-i-la-vida-personal\/#breadcrumb\",\"itemListElement\":[{\"@type\":\"ListItem\",\"position\":1,\"name\":\"Portada\",\"item\":\"https:\/\/enreach.es\/\"},{\"@type\":\"ListItem\",\"position\":2,\"name\":\"9 beneficis de \u2018Workation\u2019: l\u2019\u00faltima tend\u00e8ncia per a l\u2019equilibri entre el treball i la vida personal\"}]},{\"@type\":\"WebSite\",\"@id\":\"https:\/\/enreach.es\/#website\",\"url\":\"https:\/\/enreach.es\/\",\"name\":\"Enreach ES\",\"description\":\"\",\"potentialAction\":[{\"@type\":\"SearchAction\",\"target\":{\"@type\":\"EntryPoint\",\"urlTemplate\":\"https:\/\/enreach.es\/?s={search_term_string}\"},\"query-input\":{\"@type\":\"PropertyValueSpecification\",\"valueRequired\":true,\"valueName\":\"search_term_string\"}}],\"inLanguage\":\"ca\"},{\"@type\":\"Person\",\"@id\":\"https:\/\/enreach.es\/#\/schema\/person\/9abaa98deb451f01dbd96307250590b4\",\"name\":\"Product User\",\"image\":{\"@type\":\"ImageObject\",\"inLanguage\":\"ca\",\"@id\":\"https:\/\/enreach.es\/#\/schema\/person\/image\/\",\"url\":\"https:\/\/secure.gravatar.com\/avatar\/f3e75291fc65052d7e32bd862c9164dc7994f9e6daf233be6575fe9493397656?s=96&d=mm&r=g\",\"contentUrl\":\"https:\/\/secure.gravatar.com\/avatar\/f3e75291fc65052d7e32bd862c9164dc7994f9e6daf233be6575fe9493397656?s=96&d=mm&r=g\",\"caption\":\"Product User\"},\"url\":\"https:\/\/enreach.es\/ca\/blog\/author\/enreach-product-usr\/\"}]}<\/script>\n<!-- \/ Yoast SEO plugin. -->","yoast_head_json":{"title":"9 beneficis de \u2018Workation\u2019: l\u2019\u00faltima tend\u00e8ncia per a l\u2019equilibri entre el treball i la vida personal - Enreach ES","description":"\u2018Workation\u2019 \u00e9s la millor soluci\u00f3 quan un empleat s\u2019absenta durant un temps per\u00f2 encara necessita complir els seus compromisos en el treball.","robots":{"index":"index","follow":"follow","max-snippet":"max-snippet:-1","max-image-preview":"max-image-preview:large","max-video-preview":"max-video-preview:-1"},"canonical":"https:\/\/enreach.es\/ca\/blog\/9-beneficis-de-workation-lultima-tendencia-per-a-lequilibri-entre-el-treball-i-la-vida-personal\/","og_locale":"ca_ES","og_type":"article","og_title":"9 beneficis de \u2018Workation\u2019: l\u2019\u00faltima tend\u00e8ncia per a l\u2019equilibri entre el treball i la vida personal - Enreach ES","og_description":"\u2018Workation\u2019 \u00e9s la millor soluci\u00f3 quan un empleat s\u2019absenta durant un temps per\u00f2 encara necessita complir els seus compromisos en el treball.","og_url":"https:\/\/enreach.es\/ca\/blog\/9-beneficis-de-workation-lultima-tendencia-per-a-lequilibri-entre-el-treball-i-la-vida-personal\/","og_site_name":"Enreach ES","article_published_time":"2023-08-01T05:00:37+00:00","article_modified_time":"2023-12-13T14:32:37+00:00","og_image":[{"width":970,"height":648,"url":"https:\/\/enreach.es\/wp-content\/uploads\/2023\/08\/imagen-post01-010823-CAS.jpg","type":"image\/jpeg"}],"author":"Product User","twitter_card":"summary_large_image","twitter_misc":{"Escrit per":"Product User","Temps estimat de lectura":"4 minuts"},"schema":{"@context":"https:\/\/schema.org","@graph":[{"@type":"Article","@id":"https:\/\/enreach.es\/ca\/blog\/9-beneficis-de-workation-lultima-tendencia-per-a-lequilibri-entre-el-treball-i-la-vida-personal\/#article","isPartOf":{"@id":"https:\/\/enreach.es\/ca\/blog\/9-beneficis-de-workation-lultima-tendencia-per-a-lequilibri-entre-el-treball-i-la-vida-personal\/"},"author":{"name":"Product User","@id":"https:\/\/enreach.es\/#\/schema\/person\/9abaa98deb451f01dbd96307250590b4"},"headline":"9 beneficis de \u2018Workation\u2019: l\u2019\u00faltima tend\u00e8ncia per a l\u2019equilibri entre el treball i la vida personal","datePublished":"2023-08-01T05:00:37+00:00","dateModified":"2023-12-13T14:32:37+00:00","mainEntityOfPage":{"@id":"https:\/\/enreach.es\/ca\/blog\/9-beneficis-de-workation-lultima-tendencia-per-a-lequilibri-entre-el-treball-i-la-vida-personal\/"},"wordCount":827,"image":{"@id":"https:\/\/enreach.es\/ca\/blog\/9-beneficis-de-workation-lultima-tendencia-per-a-lequilibri-entre-el-treball-i-la-vida-personal\/#primaryimage"},"thumbnailUrl":"https:\/\/enreach.es\/wp-content\/uploads\/2023\/08\/imagen-post01-010823-CAS.jpg","keywords":["beneficis","benestar f\u00edsic","benestar mental","compliment de tasques","eficiencia","major productivitat","mobilitat","organitzaci\u00f3 del temps","qualitat del treball","satisfacci\u00f3 laboral","teletreball","treball remot","workation"],"articleSection":["Not\u00edcies"],"inLanguage":"ca"},{"@type":"WebPage","@id":"https:\/\/enreach.es\/ca\/blog\/9-beneficis-de-workation-lultima-tendencia-per-a-lequilibri-entre-el-treball-i-la-vida-personal\/","url":"https:\/\/enreach.es\/ca\/blog\/9-beneficis-de-workation-lultima-tendencia-per-a-lequilibri-entre-el-treball-i-la-vida-personal\/","name":"9 beneficis de \u2018Workation\u2019: l\u2019\u00faltima tend\u00e8ncia per a l\u2019equilibri entre el treball i la vida personal - Enreach ES","isPartOf":{"@id":"https:\/\/enreach.es\/#website"},"primaryImageOfPage":{"@id":"https:\/\/enreach.es\/ca\/blog\/9-beneficis-de-workation-lultima-tendencia-per-a-lequilibri-entre-el-treball-i-la-vida-personal\/#primaryimage"},"image":{"@id":"https:\/\/enreach.es\/ca\/blog\/9-beneficis-de-workation-lultima-tendencia-per-a-lequilibri-entre-el-treball-i-la-vida-personal\/#primaryimage"},"thumbnailUrl":"https:\/\/enreach.es\/wp-content\/uploads\/2023\/08\/imagen-post01-010823-CAS.jpg","datePublished":"2023-08-01T05:00:37+00:00","dateModified":"2023-12-13T14:32:37+00:00","author":{"@id":"https:\/\/enreach.es\/#\/schema\/person\/9abaa98deb451f01dbd96307250590b4"},"description":"\u2018Workation\u2019 \u00e9s la millor soluci\u00f3 quan un empleat s\u2019absenta durant un temps per\u00f2 encara necessita complir els seus compromisos en el treball.","breadcrumb":{"@id":"https:\/\/enreach.es\/ca\/blog\/9-beneficis-de-workation-lultima-tendencia-per-a-lequilibri-entre-el-treball-i-la-vida-personal\/#breadcrumb"},"inLanguage":"ca","potentialAction":[{"@type":"ReadAction","target":["https:\/\/enreach.es\/ca\/blog\/9-beneficis-de-workation-lultima-tendencia-per-a-lequilibri-entre-el-treball-i-la-vida-personal\/"]}]},{"@type":"ImageObject","inLanguage":"ca","@id":"https:\/\/enreach.es\/ca\/blog\/9-beneficis-de-workation-lultima-tendencia-per-a-lequilibri-entre-el-treball-i-la-vida-personal\/#primaryimage","url":"https:\/\/enreach.es\/wp-content\/uploads\/2023\/08\/imagen-post01-010823-CAS.jpg","contentUrl":"https:\/\/enreach.es\/wp-content\/uploads\/2023\/08\/imagen-post01-010823-CAS.jpg","width":970,"height":648,"caption":"9 beneficis de \u2018Workation\u2019: l\u2019\u00faltima tend\u00e8ncia per a l\u2019equilibri entre el treball i la vida personal"},{"@type":"BreadcrumbList","@id":"https:\/\/enreach.es\/ca\/blog\/9-beneficis-de-workation-lultima-tendencia-per-a-lequilibri-entre-el-treball-i-la-vida-personal\/#breadcrumb","itemListElement":[{"@type":"ListItem","position":1,"name":"Portada","item":"https:\/\/enreach.es\/"},{"@type":"ListItem","position":2,"name":"9 beneficis de \u2018Workation\u2019: l\u2019\u00faltima tend\u00e8ncia per a l\u2019equilibri entre el treball i la vida personal"}]},{"@type":"WebSite","@id":"https:\/\/enreach.es\/#website","url":"https:\/\/enreach.es\/","name":"Enreach ES","description":"","potentialAction":[{"@type":"SearchAction","target":{"@type":"EntryPoint","urlTemplate":"https:\/\/enreach.es\/?s={search_term_string}"},"query-input":{"@type":"PropertyValueSpecification","valueRequired":true,"valueName":"search_term_string"}}],"inLanguage":"ca"},{"@type":"Person","@id":"https:\/\/enreach.es\/#\/schema\/person\/9abaa98deb451f01dbd96307250590b4","name":"Product User","image":{"@type":"ImageObject","inLanguage":"ca","@id":"https:\/\/enreach.es\/#\/schema\/person\/image\/","url":"https:\/\/secure.gravatar.com\/avatar\/f3e75291fc65052d7e32bd862c9164dc7994f9e6daf233be6575fe9493397656?s=96&d=mm&r=g","contentUrl":"https:\/\/secure.gravatar.com\/avatar\/f3e75291fc65052d7e32bd862c9164dc7994f9e6daf233be6575fe9493397656?s=96&d=mm&r=g","caption":"Product User"},"url":"https:\/\/enreach.es\/ca\/blog\/author\/enreach-product-usr\/"}]}},"_links":{"self":[{"href":"https:\/\/enreach.es\/ca\/wp-json\/wp\/v2\/posts\/43610","targetHints":{"allow":["GET"]}}],"collection":[{"href":"https:\/\/enreach.es\/ca\/wp-json\/wp\/v2\/posts"}],"about":[{"href":"https:\/\/enreach.es\/ca\/wp-json\/wp\/v2\/types\/post"}],"author":[{"embeddable":true,"href":"https:\/\/enreach.es\/ca\/wp-json\/wp\/v2\/users\/7"}],"replies":[{"embeddable":true,"href":"https:\/\/enreach.es\/ca\/wp-json\/wp\/v2\/comments?post=43610"}],"version-history":[{"count":1,"href":"https:\/\/enreach.es\/ca\/wp-json\/wp\/v2\/posts\/43610\/revisions"}],"predecessor-version":[{"id":43614,"href":"https:\/\/enreach.es\/ca\/wp-json\/wp\/v2\/posts\/43610\/revisions\/43614"}],"wp:featuredmedia":[{"embeddable":true,"href":"https:\/\/enreach.es\/ca\/wp-json\/wp\/v2\/media\/43611"}],"wp:attachment":[{"href":"https:\/\/enreach.es\/ca\/wp-json\/wp\/v2\/media?parent=43610"}],"wp:term":[{"taxonomy":"category","embeddable":true,"href":"https:\/\/enreach.es\/ca\/wp-json\/wp\/v2\/categories?post=43610"},{"taxonomy":"post_tag","embeddable":true,"href":"https:\/\/enreach.es\/ca\/wp-json\/wp\/v2\/tags?post=43610"}],"curies":[{"name":"wp","href":"https:\/\/api.w.org\/{rel}","templated":true}]}}